{"id":91458,"date":"2019-06-20T17:28:14","date_gmt":"2019-06-20T15:28:14","guid":{"rendered":"https:\/\/zjarr.tv\/?p=91458"},"modified":"2019-06-20T17:28:14","modified_gmt":"2019-06-20T15:28:14","slug":"arrestimi-i-spahise-paolo-foresti-lirojeni-une-e-kam-perjetuar-97-nderkombetare-boll-heshtet","status":"publish","type":"post","link":"https:\/\/zjarr.tv\/sq\/arrestimi-i-spahise-paolo-foresti-lirojeni-une-e-kam-perjetuar-97-nderkombetare-boll-heshtet\/","title":{"rendered":"Arrestimi i Spahis\u00eb\/ Paolo Foresti: Lirojeni, un\u00eb e kam p\u00ebrjetuar \u201897. Nd\u00ebrkomb\u00ebtar\u00eb, boll hesht\u00ebt"},"content":{"rendered":"<p>Arrestimi i ish deputetit t\u00eb Partis\u00eb Demokratike\u00a0 Bardh Spahia ka sjell\u00eb reagimin edhe t\u00eb ish ambasadorit t\u00eb Italis\u00eb n\u00eb vendin ton\u00eb.<\/p>\n<p>Paolo Foresti, diplomati q\u00ebp ka sh\u00ebrbyer n\u00eb Tiran\u00eb n\u00eb vitin e v\u00ebshtir\u00eb 1997, p\u00ebrmes nj\u00eb postimi n\u00eb rrjetet sociale shpreh habin\u00eb e tij me arrestimin e Spahis\u00eb dhe me heshtjen e faktorit nd\u00ebrkomb\u00ebtar.<\/p>\n<p>Sipas tij, situata \u00ebsht\u00eb b\u00ebr\u00eb edhe m\u00eb e ndezur dhe me nj\u00eb kriz\u00eb t\u00eb rrezikshme institucionale<\/p>\n<p>Status i plot\u00eb i Paolo Forestit:<\/p>\n<p>\u201cPo m\u00ebsoj tani se nj\u00eb mik i dashur, deputet dhe kirurg i njohur \u00ebsht\u00eb arrestuar n\u00eb vazhd\u00ebn e protestave t\u00eb nisura prej muajsh kund\u00ebr korrupsioni n\u00eb Shqip\u00ebri.<\/p>\n<p>I riu Spahia, djal\u00eb i nj\u00eb mikut tim n\u00eb vitet \u201990, kishte ardhur n\u00eb Milano t\u00eb premten, m\u00eb 14 qershor, p\u00ebr t\u00eb marr\u00eb pjes\u00eb n\u00eb prezantimin e librit tim, ku rr\u00ebfej p\u00ebr periudh\u00ebn e v\u00ebshtir\u00eb t\u00eb 1997, e cila duket se po rip\u00ebrs\u00ebritet m\u00eb shum\u00eb se 20 vite pas.<\/p>\n<p>\u00cbsht\u00eb shum\u00eb shqet\u00ebsuese heshtja e komunitetit nd\u00ebrkomb\u00ebtar, dhe mbi t\u00eb gjitha ato t\u00eb shtypit dhe t\u00eb forcave politike europiane, pasi pas disa muajsh situata \u00ebsht\u00eb b\u00ebr\u00eb edhe m\u00eb e ndezur dhe me nj\u00eb kriz\u00eb t\u00eb rrezikshme institucionale\u201d.<\/p>\n<p>&nbsp;<\/p>\n","protected":false},"excerpt":{"rendered":"<p>Arrestimi i ish deputetit t\u00eb Partis\u00eb Demokratike\u00a0 Bardh Spahia ka sjell\u00eb reagimin edhe t\u00eb ish ambasadorit t\u00eb Italis\u00eb n\u00eb vendin ton\u00eb. Paolo Foresti, diplomati q\u00ebp ka sh\u00ebrbyer n\u00eb Tiran\u00eb n\u00eb vitin e v\u00ebshtir\u00eb 1997, p\u00ebrmes nj\u00eb postimi n\u00eb rrjetet sociale shpreh habin\u00eb e tij me arrestimin e Spahis\u00eb dhe me heshtjen e faktorit nd\u00ebrkomb\u00ebtar. Sipas [&hellip;]<\/p>\n","protected":false},"author":2013,"featured_media":0,"comment_status":"open","ping_status":"closed","sticky":false,"template":"","format":"standard","meta":{"footnotes":""},"categories":[241,235],"tags":[],"class_list":{"0":"post-91458","1":"post","2":"type-post","3":"status-publish","4":"format-standard","6":"category-aktualitet","7":"category-vendi"},"_links":{"self":[{"href":"https:\/\/zjarr.tv\/sq\/wp-json\/wp\/v2\/posts\/91458","targetHints":{"allow":["GET"]}}],"collection":[{"href":"https:\/\/zjarr.tv\/sq\/wp-json\/wp\/v2\/posts"}],"about":[{"href":"https:\/\/zjarr.tv\/sq\/wp-json\/wp\/v2\/types\/post"}],"author":[{"embeddable":true,"href":"https:\/\/zjarr.tv\/sq\/wp-json\/wp\/v2\/users\/2013"}],"replies":[{"embeddable":true,"href":"https:\/\/zjarr.tv\/sq\/wp-json\/wp\/v2\/comments?post=91458"}],"version-history":[{"count":0,"href":"https:\/\/zjarr.tv\/sq\/wp-json\/wp\/v2\/posts\/91458\/revisions"}],"wp:attachment":[{"href":"https:\/\/zjarr.tv\/sq\/wp-json\/wp\/v2\/media?parent=91458"}],"wp:term":[{"taxonomy":"category","embeddable":true,"href":"https:\/\/zjarr.tv\/sq\/wp-json\/wp\/v2\/categories?post=91458"},{"taxonomy":"post_tag","embeddable":true,"href":"https:\/\/zjarr.tv\/sq\/wp-json\/wp\/v2\/tags?post=91458"}],"curies":[{"name":"wp","href":"https:\/\/api.w.org\/{rel}","templated":true}]}}