{"id":91460,"date":"2019-06-20T17:26:13","date_gmt":"2019-06-20T15:26:13","guid":{"rendered":"https:\/\/zjarr.tv\/?p=91460"},"modified":"2019-06-20T17:26:13","modified_gmt":"2019-06-20T15:26:13","slug":"rama-ne-panik-nje-telefonate-urgjente-e-nxjerr-jashte-kuvendit","status":"publish","type":"post","link":"https:\/\/zjarr.tv\/sq\/rama-ne-panik-nje-telefonate-urgjente-e-nxjerr-jashte-kuvendit\/","title":{"rendered":"Rama n\u00eb panik, nj\u00eb telefonat\u00eb urgjente e nxjerr jasht\u00eb Kuvendit"},"content":{"rendered":"<p>Edi Rama \u00ebsht\u00eb dukur n\u00eb panik sot n\u00eb Kuvend, ku nj\u00eb telefonat\u00eb urgjente e ka shkundur nga karrigia ku ishte vendosur dhe e ka b\u00ebr\u00eb t\u00eb dal\u00eb me urgjenc\u00eb jasht\u00eb sall\u00ebs s\u00eb seanc\u00ebs plenare.<\/p>\n<p>Rama \u00ebsht\u00eb dukur n\u00eb siklet, pasi grat\u00eb e tij ministre nuk e kan\u00eb \u00e7ar\u00eb fare p\u00ebr shefin e madh, duke mos i hapur rrug\u00eb dhe duke vazhduar t\u00eb qeta bised\u00ebn.<\/p>\n<p>Nd\u00ebrkoh\u00eb q\u00eb nuk dihet kush e ka b\u00ebr\u00eb t\u00eb ngrihet Ram\u00ebn vrik nga karrigia dhe t\u00eb vrapoj\u00eb jasht\u00eb Kuvendit bashk\u00eb me grimasat e tmerrit.<\/p>\n<p>Zakonisht goj\u00ebt e liga thon\u00eb se e vetmja q\u00eb e ngre nga karrigia \u00ebsht\u00eb numri i bashk\u00ebshortes n\u00eb telefon, nd\u00ebrkoh\u00eb q\u00eb tjer\u00eb goj\u00eb t\u00eb liga thon\u00eb se paranoja i \u00ebsht\u00eb rritur aq shum\u00eb sa edhe numri i Ministrit t\u00eb Brendsh\u00ebm Lleshaj, ka filluar ta panikoj\u00eb sa her\u00eb ky i fundit i bie telefonit t\u00eb tij.<\/p>\n<p>&nbsp;<\/p>\n","protected":false},"excerpt":{"rendered":"<p>Edi Rama \u00ebsht\u00eb dukur n\u00eb panik sot n\u00eb Kuvend, ku nj\u00eb telefonat\u00eb urgjente e ka shkundur nga karrigia ku ishte vendosur dhe e ka b\u00ebr\u00eb t\u00eb dal\u00eb me urgjenc\u00eb jasht\u00eb sall\u00ebs s\u00eb seanc\u00ebs plenare. Rama \u00ebsht\u00eb dukur n\u00eb siklet, pasi grat\u00eb e tij ministre nuk e kan\u00eb \u00e7ar\u00eb fare p\u00ebr shefin e madh, duke mos [&hellip;]<\/p>\n","protected":false},"author":2013,"featured_media":91461,"comment_status":"open","ping_status":"closed","sticky":false,"template":"","format":"standard","meta":{"footnotes":""},"categories":[241,235],"tags":[],"class_list":{"0":"post-91460","1":"post","2":"type-post","3":"status-publish","4":"format-standard","5":"has-post-thumbnail","7":"category-aktualitet","8":"category-vendi"},"_links":{"self":[{"href":"https:\/\/zjarr.tv\/sq\/wp-json\/wp\/v2\/posts\/91460","targetHints":{"allow":["GET"]}}],"collection":[{"href":"https:\/\/zjarr.tv\/sq\/wp-json\/wp\/v2\/posts"}],"about":[{"href":"https:\/\/zjarr.tv\/sq\/wp-json\/wp\/v2\/types\/post"}],"author":[{"embeddable":true,"href":"https:\/\/zjarr.tv\/sq\/wp-json\/wp\/v2\/users\/2013"}],"replies":[{"embeddable":true,"href":"https:\/\/zjarr.tv\/sq\/wp-json\/wp\/v2\/comments?post=91460"}],"version-history":[{"count":0,"href":"https:\/\/zjarr.tv\/sq\/wp-json\/wp\/v2\/posts\/91460\/revisions"}],"wp:featuredmedia":[{"embeddable":true,"href":"https:\/\/zjarr.tv\/sq\/wp-json\/wp\/v2\/media\/91461"}],"wp:attachment":[{"href":"https:\/\/zjarr.tv\/sq\/wp-json\/wp\/v2\/media?parent=91460"}],"wp:term":[{"taxonomy":"category","embeddable":true,"href":"https:\/\/zjarr.tv\/sq\/wp-json\/wp\/v2\/categories?post=91460"},{"taxonomy":"post_tag","embeddable":true,"href":"https:\/\/zjarr.tv\/sq\/wp-json\/wp\/v2\/tags?post=91460"}],"curies":[{"name":"wp","href":"https:\/\/api.w.org\/{rel}","templated":true}]}}