{"id":91463,"date":"2019-06-20T17:34:43","date_gmt":"2019-06-20T15:34:43","guid":{"rendered":"https:\/\/zjarr.tv\/?p=91463"},"modified":"2019-06-20T17:34:43","modified_gmt":"2019-06-20T15:34:43","slug":"cfare-thoshte-ben-blushi-per-zgjedhjet-zjarri-qe-ndezi-rilindja-ne-diber-do-10-vite-te-shuhet","status":"publish","type":"post","link":"https:\/\/zjarr.tv\/sq\/cfare-thoshte-ben-blushi-per-zgjedhjet-zjarri-qe-ndezi-rilindja-ne-diber-do-10-vite-te-shuhet\/","title":{"rendered":"\u00c7far\u00eb thoshte Ben Blushi p\u00ebr zgjedhjet: Zjarri q\u00eb ndezi Rilindja n\u00eb Dib\u00ebr do 10 vite t\u00eb shuhet"},"content":{"rendered":"<p>\u201cBild\u201d publikoi dje 10 p\u00ebrgjime t\u00eb reja p\u00ebr blerjen e votave n\u00eb Dib\u00ebr. N\u00eb k\u00ebto p\u00ebrgjime shum\u00eb zyrtar\u00eb t\u00eb lart\u00eb komunikonim me nj\u00ebri-tjetrin p\u00ebr m\u00ebnyr\u00ebn se si do i blinin votat e deri n\u00eb pagesat p\u00ebr nj\u00eb vot\u00eb.<\/p>\n<p>Por k\u00ebto p\u00ebrgjime nuk ishin nj\u00eb rrufe n\u00eb qiell t\u00eb hapur, pasi n\u00eb nj\u00eb fjalim Ben Blushi t\u00eb vitit 2015, pak koh\u00eb pas zgjedhjeve, deklaronte se fitorja n\u00eb Dib\u00ebr nuk \u00ebsht\u00eb e merituar.<\/p>\n<p>Ai shtonte se nuk ishte i k\u00ebnadur me fitoren e pamerituar t\u00eb PS, por k\u00ebnaqej mme humbjen e PD.<\/p>\n<p><strong>FJALA E PLOT\u00cb E BEN BLUSHIT<\/strong><\/p>\n<p><em>E v\u00ebrteta e Dibr\u00ebs<\/em><\/p>\n<p><em>Ka shum\u00eb mendime p\u00ebr Dibr\u00ebn dhe me sa shoh pal\u00ebt ndahen n\u00eb dy pjes\u00eb: nj\u00eb pal\u00eb jan\u00eb t\u00eb m\u00ebrzitur dhe nj\u00eb pal\u00eb jan\u00eb t\u00eb g\u00ebzuar.<\/em><\/p>\n<p><em>Un\u00eb nuk jam as i g\u00ebzuar dhe as i m\u00ebrzitur. Un\u00eb jam i \u00e7uditur.<\/em><\/p>\n<p><em>Si nj\u00eb njeri q\u00eb beson se arsyeja e rritjes s\u00eb votave n\u00eb shoq\u00ebrit\u00eb e emancipuara \u00ebsht\u00eb puna, pun\u00ebsimi, investimet, ekonomia, modeli progresist dhe mir\u00ebqenia un\u00eb jam p\u00ebrpjekur gjith\u00eb k\u00ebt\u00eb jav\u00eb t\u00eb kuptoj se \u00e7far\u00eb arsye kishin dibran\u00ebt ta rrisnin me dhjet\u00eb her\u00eb diferenc\u00ebn e votave p\u00ebr nj\u00eb vit.<\/em><\/p>\n<p><em>\u00c7far\u00eb ka ndodhur n\u00eb Dib\u00ebr q\u00eb nga 400 vota, diferenca shkoi n\u00eb 4000 vota?<\/em><\/p>\n<p><em>Jan\u00eb shtuar vendet e punes?<\/em><\/p>\n<p><em>\u00cbsht\u00eb shtuar mir\u00ebqenia?<\/em><\/p>\n<p><em>Ka m\u00eb shum\u00eb investime t\u00eb huaja?<\/em><\/p>\n<p><em>Ka m\u00eb pak emigracion?<\/em><\/p>\n<p><em>U afruan me Tiran\u00ebn?<\/em><\/p>\n<p><em>Mbaroi Rruga e Arbrit?<\/em><\/p>\n<p><em>U dyfishuan rrogat?<\/em><\/p>\n<p><em>U trefishuan pensionet?<\/em><\/p>\n<p><em>\u00c7far\u00eb ka ndodhur pra?<\/em><\/p>\n<p><em>Fitoi Muharrem Rama duke na habitur me aft\u00ebsit\u00eb e tij piroelektorale q\u00eb e ndez\u00ebn dhe e p\u00ebrndez\u00ebn Dibr\u00ebn n\u00eb nj\u00eb mas\u00eb q\u00eb k\u00ebt\u00eb zjarr do e kemi v\u00ebshtir\u00eb ta shuajm\u00eb edhe p\u00ebr nja dhjet\u00eb vjet?<\/em><\/p>\n<p><em>Fitoi Edi Rama q\u00eb shkoi n\u00eb Dib\u00ebr dhe i bindi se pa Dibr\u00ebn, ai nuk e b\u00ebn dot Shqip\u00ebrin\u00eb dhe pa rrug\u00ebn e Arbrit, Ballkani nuk b\u00ebhet dot nj\u00eb territor i kalueshem evropian?<\/em><\/p>\n<p><em>\u00c7far\u00eb ndodhi n\u00eb Dib\u00ebr pra q\u00eb s\u2019po e shpjegojm\u00eb dot?<\/em><\/p>\n<p><em>Nj\u00eb pal\u00eb k\u00ebtu q\u00eb \u00ebsht\u00eb PD natyrisht ka variantin e vet por q\u00eb nuk \u00ebsht\u00eb shum\u00eb i besuesh\u00ebm.<\/em><\/p>\n<p><em>Ata kan\u00eb humbur dhe un\u00eb isha i bindur se do humbnin.<\/em><\/p>\n<p><em>Humbja e PD nuk m\u00eb intereson p\u00ebr t\u00eb mos th\u00ebn\u00eb q\u00eb gjat\u00eb gjith\u00eb jet\u00ebs sime m\u00eb ka g\u00ebzuar m\u00eb shum\u00eb se leximi i nj\u00eb romani t\u00eb mir\u00eb.<\/em><\/p>\n<p><em>I kam shijuar humbjet e PD dhe do vazhdoj t\u2019i shijoj.<\/em><\/p>\n<p><em>Madje PD, si\u00e7 \u00ebsht\u00eb sot, meriton t\u00eb humb\u00eb dhe do vazhdoje t\u00eb humb si nj\u00eb grup politik i pavotuesh\u00ebm dhe totalisht i demotivuar.<\/em><\/p>\n<p><em>Por ajo q\u00eb m\u00eb \u00e7udit dhe m\u00eb shtyn t\u00eb merrem me Dibr\u00ebn nuk \u00ebsht\u00eb humbja e PD por fitorja e qeveris\u00eb n\u00eb nj\u00eb mas\u00eb t\u00eb pamerituar.<\/em><\/p>\n<p><em>Edhe vet\u00eb Rilindja e cila \u00ebsht\u00eb m\u00ebsuar t\u00eb fitoj\u00eb merita t\u00eb pamerituara e ka v\u00ebshtir\u00eb t\u00eb shpjegoj\u00eb \u00e7far\u00eb ndodhi n\u00eb Dib\u00ebr.<\/em><\/p>\n<p><em>Nuk kam par\u00eb njeri prej tyre t\u00eb thot\u00eb se Dibra votoi reformat, Dibra votoi sistemin e ri t\u00eb arsimit apo udh\u00ebzimin num\u00ebr 13 q\u00eb torturoi maturant\u00ebt, Dibra votoi ndarjen e re territoriale, Dibra votoi Reform\u00ebn n\u00eb Drejt\u00ebsi, Dibra votoi takimin e suksessh\u00ebm t\u00eb kryeministrit me zonj\u00ebn Mogherini n\u00eb Bruksel, Dibra votoi rritjen e deflacionit ngjit\u00ebs n\u00eb inflacion zbrit\u00ebs, Dibra votoi koncesionet n\u00eb sh\u00ebndet\u00ebsi, Dibra votoi rritjen e prodhimit bujq\u00ebsor n\u00eb Myzeqe, Dibra votoi p\u00ebrfundimin e parakohsh\u00ebm t\u00eb Lungomares n\u00eb Vlor\u00eb, Dibra votoi ardhjen dhe ikjen e sh\u00ebndetshme t\u00eb mij\u00ebra turist\u00ebve n\u00eb Rivier\u00ebn e shk\u00eblqyer t\u00eb vendit ton\u00eb, Dibra votoi rritjen e \u00e7mimit t\u00eb naft\u00ebs n\u00eb tregun nd\u00ebrkomb\u00ebtar, Dibra votoi p\u00ebr t\u2019i dh\u00ebn\u00eb Shqip\u00ebris\u00eb pak ngroht\u00ebsi n\u00eb prag t\u00eb dimrit.<\/em><\/p>\n<p><em>At\u00ebher\u00eb \u00e7far\u00eb votoi Dibra?<\/em><\/p>\n<p><em>Sipas PD votat aty jan\u00eb bler\u00eb.<\/em><\/p>\n<p><em>Por une them se \u00ebsht\u00eb e pamundur q\u00eb megjith\u00eb deformimet e zakonshme p\u00ebrfshi edhe blerjen, Rilindja arriti t\u00eb blej\u00eb kat\u00ebr mij\u00eb dibran\u00eb, aq sa p\u00ebr t\u00eb mundur nj\u00ebkoh\u00ebsisht 3 gj\u00ebra: Partin\u00eb Demokratike q\u00eb ishte n\u00eb fushat\u00eb, LSI q\u00eb nuk ishte n\u00eb fushat\u00eb, dhe goj\u00ebn e atyre q\u00eb ankohen p\u00ebr paaft\u00ebsin\u00eb e qeveris\u00eb dhe jan\u00eb n\u00eb \u00e7do fushat\u00eb.<\/em><\/p>\n<p><em>At\u00ebher\u00eb \u00e7far\u00eb ka ndodhur n\u00eb Dib\u00ebr n\u00ebse nuk jan\u00eb bler\u00eb kaq shume vota?<\/em><\/p>\n<p><em>\u00c7far\u00eb magjie \u00ebsht\u00eb kjo q\u00eb b\u00ebn q\u00eb p\u00ebr nj\u00eb vit votat 10-fishohen?<\/em><\/p>\n<p><em>\u00c7far\u00eb do ndodhte n\u00eb Itali n\u00ebse nj\u00eb dit\u00eb, Bolonja q\u00eb voton historikisht majtas voton masivisht n\u00eb t\u00eb kund\u00ebrt\u00ebn e vet?<\/em><\/p>\n<p><em>\u00c7far\u00eb do mendonin komentator\u00ebt dhe politikan\u00ebt e vjet\u00ebr t\u00eb Italis\u00eb n\u00ebse Milano q\u00eb voton gjithmon\u00eb djathtas, nes\u00ebr voton p\u00ebr t\u00eb majt\u00ebn pes\u00eb her\u00eb m\u00eb shum\u00eb se sa ishte parashikuar?<\/em><\/p>\n<p><em>A ka pra aft\u00ebsi Dibra t\u00eb thyej\u00eb t\u00eb gjitha ligj\u00ebsit\u00eb elektorale t\u00eb njohura?<\/em><\/p>\n<p><em>Sepse t\u00eb besosh q\u00eb Dibra voton majtas \u00ebsht\u00eb si t\u00eb besosh sot se Grek\u00ebt do votonin p\u00ebr Angela Merkelin.<\/em><\/p>\n<p><em>Un\u00eb n\u00eb k\u00ebt\u00eb rast kam nj\u00eb ide se \u00e7far\u00eb ka ndodhur n\u00eb Dib\u00ebr.<\/em><\/p>\n<p><em>Dibran\u00ebt nuk kan\u00eb votuar kund\u00ebr t\u00eb djatht\u00ebs, nuk kan\u00eb votuar pro t\u00eb majt\u00ebs, ata kan\u00eb votuar p\u00ebr Qeverin\u00eb.<\/em><\/p>\n<p><em>Dibra tregoi di\u00e7ka q\u00eb prej koh\u00ebsh nuk mund ta fshehim m\u00eb.<\/em><\/p>\n<p><em>Populli nuk do t\u00eb votoj\u00eb kund\u00ebr qeverive. Populli do ta ket\u00eb mir\u00eb me qeverin\u00eb \u00e7ka \u00ebsht\u00eb nj\u00eb bjerrje e pritshm\u00ebrive dhe shpres\u00ebs.<\/em><\/p>\n<p><em>Populli i Dibr\u00ebs nuk votoi nga inati se nuk ka, por nga frika se mund t\u00eb humb\u00eb edhe at\u00eb q\u00eb ka.<\/em><\/p>\n<p><em>Dibra \u00ebsht\u00eb sot krahina m\u00eb e varf\u00ebr n\u00eb Evrop\u00eb.<\/em><\/p>\n<p><em>Asnj\u00eb fshat rumun apo bullgar apo portugez q\u00eb jan\u00eb n\u00eb periferi t\u00eb Evrop\u00ebs, nuk prodhon dot at\u00eb varf\u00ebri q\u00eb mund t\u00eb shoh\u00ebsh n\u00eb Dib\u00ebr.<\/em><\/p>\n<p><em>Por varf\u00ebria nuk i \u00e7oi dibran\u00ebt n\u00eb inat dhe as n\u00eb mllef.<\/em><\/p>\n<p><em>I \u00e7oi n\u00eb pajtim. N\u00eb frik\u00eb. Ata mendojn\u00eb se duke votuar kund\u00ebr qeveris\u00eb mund t\u00eb humbin at\u00eb q\u00eb kan\u00eb.<\/em><\/p>\n<p><em>Kushdo q\u00eb ka besuar se varf\u00ebria dhe mjerimi jan\u00eb aleat\u00eb t\u00eb qeveris\u00eb ja ku e ka shembullin.<\/em><\/p>\n<p><em>Dibra \u00ebsht\u00eb modeli.<\/em><\/p>\n<p><em>Ta marrin dhe ta fusin n\u00eb manualet e zgjedhjeve.<\/em><\/p>\n<p><em>Varf\u00ebria e provincave e mban n\u00eb k\u00ebmb\u00eb regjimin e Erdoganit n\u00eb Turqi.<\/em><\/p>\n<p><em>Frika se duke votuar kund\u00ebr qeveris\u00eb, varf\u00ebria do rritet, ndihma ekonomike do ulet, rrug\u00ebt nuk do b\u00ebhen, investimet do pak\u00ebsohen dhe policia do acarohet, ishin arsyet p\u00ebr t\u00eb votuar si\u00e7 u votua.<\/em><\/p>\n<p><em>Dibra nuk mund t\u00eb votonte p\u00ebr t\u00eb rritur mjerimin e vet duke e ditur se vet\u00ebm qeverit\u00eb kan\u00eb n\u00eb dore ta zbusin mjerimin me lemosha.<\/em><\/p>\n<p><em>Edhe un\u00eb n\u00ebse do isha dibran mund t\u00eb votoja si dibrane\u00ebt.<\/em><\/p>\n<p><em>Shqiptar\u00ebt kan\u00eb shum\u00eb vite q\u00eb jan\u00eb pesimist\u00eb dhe kan\u00eb gjetur nj\u00eb rrug\u00eb t\u00eb njohur p\u00ebr t\u2019ja dal\u00eb.<\/em><\/p>\n<p><em>Ata nuk duan t\u00eb sulmojn\u00eb. Ata rrin\u00eb n\u00eb mbrojtje.<\/em><\/p>\n<p><em>Mbrohen nga qeverite e tyre duke i marr\u00eb me t\u00eb mir\u00eb dhe duke i votuar.<\/em><\/p>\n<p><em>Kjo i jep m\u00eb pak kok\u00eb\u00e7arje dhe me shum\u00eb qet\u00ebsi derisa koha t\u00eb ndryshoj\u00eb dhe t\u00eb fryjn\u00eb uj\u00ebra t\u00eb tjera.<\/em><\/p>\n<p><em>P\u00ebr k\u00ebdo q\u00eb \u00e7uditet, un\u00eb mund t\u2019ju them se Dibra, pra pajtimi me te keqen nga frika, ka ndodhur edhe m\u00eb her\u00ebt n\u00eb vende t\u00eb tjera, por ne nuk kemi dashur ta shohim.<\/em><\/p>\n<p><em>Dibra ndodh p\u00ebrdit\u00eb n\u00eb Tiran\u00eb at\u00ebher\u00eb pse duhet t\u00eb habitemi me Dibr\u00ebn dhe me dibran\u00ebt?<\/em><\/p>\n<p><em>Sa maturant\u00eb jan\u00eb djegur dhe p\u00ebrc\u00eblluar p\u00ebr shkak t\u00eb paaft\u00ebsis\u00eb s\u00eb Rilindjes p\u00ebr t\u00eb krijuar nj\u00eb sistem barazitist n\u00eb arsim: me mij\u00ebra. E keni par\u00eb sa dalin n\u00eb protest\u00eb: me dhjet\u00ebra.<\/em><\/p>\n<p><em>Sa qytetar\u00eb t\u00eb Tiran\u00ebs jan\u00eb t\u00eb neveritur kur shohin se si i prishet nj\u00eb nga godinat e tyre m\u00eb t\u00eb dashura si\u00e7 ishte Stadiumi \u201cQemal Stafa\u201d?<\/em><\/p>\n<p><em>Sa prej tyre dol\u00ebn ta mbronin? Askush.<\/em><\/p>\n<p><em>Ai u zhduk si nj\u00eb top letre.<\/em><\/p>\n<p><em>Dhe meq\u00eb p\u00ebrmenda Turqin\u00eb dua t\u00eb kujtoj rastin e sheshit Gazi n\u00eb Stamboll.<\/em><\/p>\n<p><em>P\u00ebr ta mbrojtur at\u00eb shesh nga Erdogani pati njer\u00ebz q\u00eb u vran\u00eb dhe q\u00ebndruan atje me muaj, dit\u00eb dhe nat\u00eb.<\/em><\/p>\n<p><em>At\u00ebher\u00eb \u00e7far\u00eb k\u00ebrkon Tirana nga Dibra?<\/em><\/p>\n<p><em>Po marr nj\u00eb rast tjet\u00ebr dhe shpresoj se nuk do e kem gabim:<\/em><\/p>\n<p><em>Pas nj\u00eb jave ky parlament do miratoj\u00eb hapjen e kufijve t\u00eb Shqip\u00ebris\u00eb p\u00ebr plehrat e Evrop\u00ebs.<\/em><\/p>\n<p><em>Rilindja dhe Partia Demokratike do bien dakort p\u00ebr ta kaluar sepse \u00ebsht\u00eb normale q\u00eb k\u00ebta jan\u00eb gjithnj\u00eb dakort p\u00ebr plehrat, sidomos kur ato vijn\u00eb nga Evropa. Do e shikoni gjat\u00eb dhe pas k\u00ebtij votimi, se sa njerez do reagojn\u00eb.<\/em><\/p>\n<p><em>Shum\u00eb pak dit\u00ebn e par\u00eb, edhe m\u00eb pak dit\u00ebn e dyt\u00eb dhe aspak dit\u00ebn e tret\u00eb.<\/em><\/p>\n<p><em>At\u00ebher\u00eb pse duhet t\u2019ia k\u00ebrkojm\u00eb Dibr\u00ebs t\u00eb reagoj\u00eb n\u00ebse askush nuk reagon?<\/em><\/p>\n<p><em>Pse duhet t\u2019i k\u00ebrkojm\u00eb Dibr\u00ebs t\u00eb dal\u00eb n\u00eb opozit\u00eb kur gjysma e opozit\u00ebs nuk \u00ebsht\u00eb opozit\u00eb?<\/em><\/p>\n<p><em>Opozita i k\u00ebrkoi Dibr\u00ebs t\u00eb b\u00ebnte at\u00eb q\u00eb ajo vet\u00eb nuk e b\u00ebn.<\/em><\/p>\n<p><em>E pse duhej t\u2019a d\u00ebgjonte Dibra?<\/em><\/p>\n<p><em>\u00c7far\u00eb vjen pas k\u00ebsaj \u00ebsht\u00eb shum\u00eb e qart\u00eb.<\/em><\/p>\n<p><em>Nga Rilindja, deliri do t\u00eb rritet dhe p\u00ebr shkak t\u00eb Dibr\u00ebs, Rilindja do qeverise edhe m\u00eb keq, sepse nuk ka asnj\u00eb arsye t\u00eb qeveris\u00eb m\u00eb mir\u00eb p\u00ebr sa koh\u00eb q\u00eb populli e voton edhe kur nuk b\u00ebn asnj\u00eb pun\u00eb.<\/em><\/p>\n<p><em>Nga PD, besimi se mund t\u00eb vij\u00eb n\u00eb pushtet do ulet dhe sigurisht dibran\u00ebt n\u00eb radh\u00ebt e opozit\u00ebs do shtohen, pra njer\u00ebz t\u00eb cil\u00ebt do b\u00ebhen me Rilindjen duke menduar se p\u00ebrdhunimi \u00ebsht\u00eb gjithnj\u00eb m\u00eb i shijsh\u00ebm se tradhtia, pasi p\u00ebrdhunimi ka nj\u00eb avantazh kundrejt tradhtis\u00eb: ai \u00ebsht\u00eb alibik.<\/em><\/p>\n<p><em>Pas tij edhe mund t\u00eb ankohesh, se nuk e ke pranuar.<\/em><\/p>\n<p><em>Dhe si\u00e7 kan\u00eb ardhur pun\u00ebt, gj\u00ebrat do t\u00eb vazhdojn\u00eb si\u00e7 kan\u00eb qen\u00eb, madje n\u00eb perpetum:<\/em><\/p>\n<p><em>Tre yjet q\u00eb shk\u00eblqejn\u00eb n\u00eb qiellin e Dibr\u00ebs do vazhdojn\u00eb t\u00eb sh\u00ebndrisin.<\/em><\/p>\n<p><em>K\u00ebta jan\u00eb DELIRI, SALIRI dhe ILIRI.<\/em><\/p>\n<p><em>Shqiptar\u00ebt prej nj\u00ebzet\u00eb vitesh jetojn\u00eb n\u00eb galaktik\u00ebn e tyre.<\/em><\/p>\n<p><em>Ata do vazhdoj\u00eb t\u00eb prodhojn\u00eb dhe t\u00eb shk\u00ebmbejn\u00eb Dibrat me nj\u00ebri-tjetrin.<\/em><\/p>\n<p><em>P\u00ebr sa koh\u00eb q\u00eb votojn\u00eb p\u00ebr DELIRIN, p\u00ebr SALIRIN dhe p\u00ebr ILIRIN, nuk kan\u00eb asnj\u00eb arsye t\u00eb ankohen p\u00ebr dibran\u00ebt t\u00eb cil\u00ebt sot jan\u00eb kthyer n\u00eb nj\u00eb manual elektoral q\u00eb t\u00eb m\u00ebson se si t\u00eb llastosh qeverin\u00eb.<\/em><\/p>\n<p><em>K\u00ebt\u00eb manual e prodhoi SALIRI, e transportoi ILIRI dhe e kopjoi me sukses DELIRI.<\/em><\/p>\n<p><em>Un\u00eb lexova vet\u00ebm nj\u00eb pjes\u00eb t\u00eb tij n\u00eb Dib\u00ebr.<\/em><\/p>\n<p><strong>Save<\/strong><\/p>\n<p>Share<\/p>\n<p>&nbsp;<\/p>\n","protected":false},"excerpt":{"rendered":"<p>\u201cBild\u201d publikoi dje 10 p\u00ebrgjime t\u00eb reja p\u00ebr blerjen e votave n\u00eb Dib\u00ebr. N\u00eb k\u00ebto p\u00ebrgjime shum\u00eb zyrtar\u00eb t\u00eb lart\u00eb komunikonim me nj\u00ebri-tjetrin p\u00ebr m\u00ebnyr\u00ebn se si do i blinin votat e deri n\u00eb pagesat p\u00ebr nj\u00eb vot\u00eb. Por k\u00ebto p\u00ebrgjime nuk ishin nj\u00eb rrufe n\u00eb qiell t\u00eb hapur, pasi n\u00eb nj\u00eb fjalim Ben Blushi [&hellip;]<\/p>\n","protected":false},"author":2013,"featured_media":0,"comment_status":"open","ping_status":"closed","sticky":false,"template":"","format":"standard","meta":{"footnotes":""},"categories":[241,235],"tags":[],"class_list":{"0":"post-91463","1":"post","2":"type-post","3":"status-publish","4":"format-standard","6":"category-aktualitet","7":"category-vendi"},"_links":{"self":[{"href":"https:\/\/zjarr.tv\/sq\/wp-json\/wp\/v2\/posts\/91463","targetHints":{"allow":["GET"]}}],"collection":[{"href":"https:\/\/zjarr.tv\/sq\/wp-json\/wp\/v2\/posts"}],"about":[{"href":"https:\/\/zjarr.tv\/sq\/wp-json\/wp\/v2\/types\/post"}],"author":[{"embeddable":true,"href":"https:\/\/zjarr.tv\/sq\/wp-json\/wp\/v2\/users\/2013"}],"replies":[{"embeddable":true,"href":"https:\/\/zjarr.tv\/sq\/wp-json\/wp\/v2\/comments?post=91463"}],"version-history":[{"count":0,"href":"https:\/\/zjarr.tv\/sq\/wp-json\/wp\/v2\/posts\/91463\/revisions"}],"wp:attachment":[{"href":"https:\/\/zjarr.tv\/sq\/wp-json\/wp\/v2\/media?parent=91463"}],"wp:term":[{"taxonomy":"category","embeddable":true,"href":"https:\/\/zjarr.tv\/sq\/wp-json\/wp\/v2\/categories?post=91463"},{"taxonomy":"post_tag","embeddable":true,"href":"https:\/\/zjarr.tv\/sq\/wp-json\/wp\/v2\/tags?post=91463"}],"curies":[{"name":"wp","href":"https:\/\/api.w.org\/{rel}","templated":true}]}}