{"id":91470,"date":"2019-06-20T17:36:46","date_gmt":"2019-06-20T15:36:46","guid":{"rendered":"https:\/\/zjarr.tv\/?p=91470"},"modified":"2019-06-20T17:36:46","modified_gmt":"2019-06-20T15:36:46","slug":"pak-ore-para-protestes-ademi-do-lirojme-qytetin-me-seriozitetin-tone","status":"publish","type":"post","link":"https:\/\/zjarr.tv\/sq\/pak-ore-para-protestes-ademi-do-lirojme-qytetin-me-seriozitetin-tone\/","title":{"rendered":"Pak or\u00eb para protest\u00ebs, Ademi: Do lirojm\u00eb qytetin me seriozitetin ton\u00eb"},"content":{"rendered":"<p>Pak or\u00eb para protest\u00ebs s\u00eb opozit\u00ebs kryetarja e Bashkis\u00eb s\u00eb Shkodr\u00ebs Voltana Ademi ka sqaruar m\u00ebnyr\u00ebn e organizimit t\u00eb protest\u00ebs.<\/p>\n<p>Ademi shprehet se qytetar\u00ebt do t\u00eb l\u00ebvizin t\u00eb lir\u00eb n\u00eb \u00e7do rrug\u00eb t\u00eb qytetit, nd\u00ebrsa e quan t\u00eb paligjsh\u00ebm tubimin e Ram\u00ebs.<\/p>\n<p><strong>Voltana Ademi<\/strong><em>:\u00a0Ne kemi informuar policin\u00eb e shtetit dhe kjo \u00ebsht\u00eb skandaloze. Policia ka detyr\u00eb t\u00eb garantoj\u00eb p\u00ebr t\u00eb gjith\u00eb qytetar\u00ebt ecjen e lir\u00eb n\u00eb rrug\u00ebt e qytetit t\u00eb Shkodr\u00ebs. Ne do t\u00eb l\u00ebvizim t\u00eb lir\u00eb n\u00eb t\u00eb gjitha rrug\u00ebt e qytetit. Policia nuk duhet t\u00eb lejonte q\u00eb t\u00eb bllokoheshin rrug\u00ebt pa na e konfirmuar t\u00eb pakt\u00ebn me shkres\u00eb. Ne do b\u00ebjm\u00eb t\u00eb mundur q\u00eb t\u00eb pakt\u00ebn ta lirojm\u00eb me qenien, seriozitetin dhe pranin\u00eb ton\u00eb, por duke ruajtur qet\u00ebsin\u00eb.\u00a0<\/em><\/p>\n<p><em>Para pak minutash kam pasur nj\u00eb takim me p\u00ebrfa\u00ebsues t\u00eb drejtoris\u00eb s\u00eb policis\u00eb s\u00eb qarkut t\u00eb Shkodr\u00ebs. I rastis\u00eb k\u00ebtu n\u00eb qend\u00ebr t\u00eb qytetit dhe i k\u00ebrkova qet\u00ebsi, maturi. I sigruova q\u00eb ne do t\u00eb jemi korrekt dhe secili t\u00eb ushtroj\u00eb detyr\u00ebn e tij.\u00a0<\/em><\/p>\n<p><em>Nga ana tjet\u00ebr pretendoj q\u00eb n\u00ebmomentet q\u00eb jemi ata t\u00eb heqin edhe rrobat edhe t\u00eb rreshtohen bashk\u00eb me ne. Jan\u00eb n\u00eb nj\u00eb moment kur mendoj se emergjenca komb\u00ebtare k\u00ebrkon q\u00eb gjith\u00ebsecili ti th\u00ebrras\u00eb nd\u00ebrgjegjes dhe t\u00eb largohet nga mbrojtja e kriminalitetit.<\/em><\/p>\n","protected":false},"excerpt":{"rendered":"<p>Pak or\u00eb para protest\u00ebs s\u00eb opozit\u00ebs kryetarja e Bashkis\u00eb s\u00eb Shkodr\u00ebs Voltana Ademi ka sqaruar m\u00ebnyr\u00ebn e organizimit t\u00eb protest\u00ebs. Ademi shprehet se qytetar\u00ebt do t\u00eb l\u00ebvizin t\u00eb lir\u00eb n\u00eb \u00e7do rrug\u00eb t\u00eb qytetit, nd\u00ebrsa e quan t\u00eb paligjsh\u00ebm tubimin e Ram\u00ebs. Voltana Ademi:\u00a0Ne kemi informuar policin\u00eb e shtetit dhe kjo \u00ebsht\u00eb skandaloze. Policia ka [&hellip;]<\/p>\n","protected":false},"author":2013,"featured_media":54162,"comment_status":"open","ping_status":"closed","sticky":false,"template":"","format":"standard","meta":{"footnotes":""},"categories":[241,235],"tags":[],"class_list":{"0":"post-91470","1":"post","2":"type-post","3":"status-publish","4":"format-standard","5":"has-post-thumbnail","7":"category-aktualitet","8":"category-vendi"},"_links":{"self":[{"href":"https:\/\/zjarr.tv\/sq\/wp-json\/wp\/v2\/posts\/91470","targetHints":{"allow":["GET"]}}],"collection":[{"href":"https:\/\/zjarr.tv\/sq\/wp-json\/wp\/v2\/posts"}],"about":[{"href":"https:\/\/zjarr.tv\/sq\/wp-json\/wp\/v2\/types\/post"}],"author":[{"embeddable":true,"href":"https:\/\/zjarr.tv\/sq\/wp-json\/wp\/v2\/users\/2013"}],"replies":[{"embeddable":true,"href":"https:\/\/zjarr.tv\/sq\/wp-json\/wp\/v2\/comments?post=91470"}],"version-history":[{"count":0,"href":"https:\/\/zjarr.tv\/sq\/wp-json\/wp\/v2\/posts\/91470\/revisions"}],"wp:featuredmedia":[{"embeddable":true,"href":"https:\/\/zjarr.tv\/sq\/wp-json\/wp\/v2\/media\/54162"}],"wp:attachment":[{"href":"https:\/\/zjarr.tv\/sq\/wp-json\/wp\/v2\/media?parent=91470"}],"wp:term":[{"taxonomy":"category","embeddable":true,"href":"https:\/\/zjarr.tv\/sq\/wp-json\/wp\/v2\/categories?post=91470"},{"taxonomy":"post_tag","embeddable":true,"href":"https:\/\/zjarr.tv\/sq\/wp-json\/wp\/v2\/tags?post=91470"}],"curies":[{"name":"wp","href":"https:\/\/api.w.org\/{rel}","templated":true}]}}