{"id":91477,"date":"2019-06-20T17:41:23","date_gmt":"2019-06-20T15:41:23","guid":{"rendered":"https:\/\/zjarr.tv\/?p=91477"},"modified":"2019-06-20T17:41:23","modified_gmt":"2019-06-20T15:41:23","slug":"xhixho-rama-arreston-qytetaret-te-shpetoje-kriminelet-e-rilindjes","status":"publish","type":"post","link":"https:\/\/zjarr.tv\/sq\/xhixho-rama-arreston-qytetaret-te-shpetoje-kriminelet-e-rilindjes\/","title":{"rendered":"Xhixho: Rama arreston qytetar\u00ebt, t\u00eb shp\u00ebtoj\u00eb kriminel\u00ebt e Rilindjes"},"content":{"rendered":"<p>P\u00ebrmes nj\u00eb postimi n\u00eb facebook, n\u00ebnkryetarja e LSI-s\u00eb, Erisa Xhixho ka reaguar p\u00ebr p\u00ebrgjimet e publikuara nj\u00eb dit\u00eb m\u00eb par\u00eb nga e p\u00ebrditshmja gjermane \u2018Bild\u2019.<\/p>\n<p>\u201cN\u00eb nj\u00eb shtet t\u00eb s\u00eb drejtes ku institucionet funksiojn\u00eb do duhet q\u00eb sot prokuroria t\u00eb kishte marr n\u00eb pyetje dhe t\u00eb fillonte pro\u00e7edurat e pergjegj\u00ebsis\u00eb penale duke filluar nga Kryministri Rama, te deputet\u00ebt e rilindjes tek kriminel\u00ebt , tek punonj\u00ebsit e policis\u00eb t\u00eb perfshir\u00eb n\u00eb k\u00ebt\u00eb skem\u00eb kriminale t\u00eb blerjes s\u00eb votave dhe shantazhit e presionit shtet\u00ebror .\u201d shkruan Xhixho nd\u00ebrsa shton se sot si n\u00eb \u00e7do vend t\u00eb europes politika duhet t\u00eb kishte treguar moral dhe p\u00ebrgjegjshm\u00ebri karshi qytetar\u00ebve duke treguar q\u00eb nuk \u00ebsht\u00eb aty p\u00ebr nj\u00eb karrige ,por p\u00ebr t\u2019i sh\u00ebrbyer njer\u00ebzve.<\/p>\n<p>\u201cT\u00eb gjith\u00eb do p\u00ebrgjigjen p\u00ebrpara drejt\u00ebsis\u00eb p\u00ebr k\u00ebt\u00eb krim elektoral kjo ska asnj\u00eb dyshim.\u201d P\u00ebrfudon Xhixho postimin e saj .<\/p>\n<p><strong>Postimi i Plot\u00eb:<\/strong><\/p>\n<p>N\u00eb nj\u00eb shtet t\u00eb s\u00eb drejtes ku institucionet funksiojn\u00eb do duhet q\u00eb sot prokuroria t\u00eb kishte marr n\u00eb pyetje dhe t\u00eb fillonte pro\u00e7edurat e pergjegj\u00ebsis\u00eb penale duke filluar nga Kryministri Rama, te deputet\u00ebt e rilindjes tek kriminel\u00ebt , tek punonj\u00ebsit e policis\u00eb t\u00eb perfshir\u00eb n\u00eb k\u00ebt\u00eb skem\u00eb kriminale t\u00eb blerjes s\u00eb votave dhe shantazhit e presionit shtet\u00ebror .<\/p>\n<p>Pasi n\u00eb momentin q\u00eb ka nj\u00eb ndjeshm\u00ebri kaq t\u00eb madhe publike p\u00ebr zbardhjen dhe v\u00ebnien p\u00ebrpara drejt\u00ebsis\u00eb t\u00eb pergj\u00ebgjsive t\u00eb blerjes s\u00eb votave dhe deformimit t\u00eb vullnetit t\u00eb qytetar\u00ebve , ku opozita ka djegur mandatet dhe vendi ndodhet n\u00eb nj\u00eb krize t\u00eb thell\u00eb institucionale e politike padyshim q\u00eb n\u00eb nj\u00eb vend europian prokuroria do kishte prioritet numer 1 dosjet 339\/1 dhe 184 p\u00ebr t\u2019ju p\u00ebrgjigjur n\u00eb koh\u00eb sa m\u00eb t\u00eb shpejt t\u00eb k\u00ebtij interesi komb\u00ebtar.<\/p>\n<p>Sot si n\u00eb \u00e7do vend t\u00eb europes politika duhet t\u00eb kishte treguar moral dhe p\u00ebrgjegjshm\u00ebri karshi qytetar\u00ebve duke treguar q\u00eb nuk \u00ebsht\u00eb aty p\u00ebr nj\u00eb karrige ,por p\u00ebr t\u2019i sh\u00ebrbyer njer\u00ebzve .<\/p>\n<p>Po kjo nuk ndodh n\u00eb Shqip\u00ebri , sot n\u00eb m\u00ebnyr\u00ebn m\u00eb t\u00eb turpshme me nj\u00eb arroganc t\u00eb pashoq shofim se si njer\u00ebzit e p\u00ebrfshir\u00eb n\u00eb k\u00ebt\u00eb shb\u00ebrje dhe denigrim t\u00eb shtetit t\u00eb s\u00eb drejt\u00ebs dhe dhunim t\u00eb demokracis\u00eb shfaqen duke na e servirur gjith\u00e7ka si normale.<br \/>\nShume turp dhe fyese p\u00ebr gjith\u00eb qytetar\u00ebt shqiptar\u00eb.<\/p>\n<p>Kjo pasi prokuroria \u00ebsht\u00eb n\u00ebn kontrollin e k\u00ebsaj maxhorance dhe padyshim frika nga nd\u00ebshkimi i zyrtar\u00ebve t\u00eb lart\u00eb nuk ekziston.<\/p>\n<p>Dhe \u00e7fare ndodh?<br \/>\nSot t\u00eb arrestuar jan\u00eb qytetar\u00ebt e Shkodr\u00ebs, doktor Bardh Spahia, qytetar\u00ebt e Beratit, Kuk\u00ebsit,Skraparit , Kavajes e Lezh\u00ebs e shum\u00eb t\u00eb tjer\u00eb n\u00eb gjith\u00eb Shqip\u00ebrin\u00eb q\u00eb nuk kan\u00eb pranuar t\u00eb shkelen n\u00eb dinjitet e n\u00eb t\u00eb drejtat e tyre nga kjo qeveri kriminale dhe protestojn\u00eb p\u00ebr t\u2019u zbatuar dekreti i Presidentit t\u00eb Republikes p\u00ebr anullimin e zgjedhjeve t\u00eb 30 Qershorit. Sepse ne njohim shtetin e s\u00eb drejt\u00ebs, demokracin\u00eb , kushtetut\u00ebn e ligjet kurse Rilindja njeh drog\u00ebn e krimin, bandat si parime t\u00eb funksionimit t\u00eb shtetit.<\/p>\n<p>T\u00eb gjith\u00eb do p\u00ebrgjigjen p\u00ebrpara drejt\u00ebsis\u00eb p\u00ebr k\u00ebt\u00eb krim elektoral kjo ska asnj\u00eb dyshim.<\/p>\n<p>&nbsp;<\/p>\n","protected":false},"excerpt":{"rendered":"<p>P\u00ebrmes nj\u00eb postimi n\u00eb facebook, n\u00ebnkryetarja e LSI-s\u00eb, Erisa Xhixho ka reaguar p\u00ebr p\u00ebrgjimet e publikuara nj\u00eb dit\u00eb m\u00eb par\u00eb nga e p\u00ebrditshmja gjermane \u2018Bild\u2019. \u201cN\u00eb nj\u00eb shtet t\u00eb s\u00eb drejtes ku institucionet funksiojn\u00eb do duhet q\u00eb sot prokuroria t\u00eb kishte marr n\u00eb pyetje dhe t\u00eb fillonte pro\u00e7edurat e pergjegj\u00ebsis\u00eb penale duke filluar nga Kryministri [&hellip;]<\/p>\n","protected":false},"author":2013,"featured_media":91478,"comment_status":"open","ping_status":"closed","sticky":false,"template":"","format":"standard","meta":{"footnotes":""},"categories":[241,235],"tags":[],"class_list":{"0":"post-91477","1":"post","2":"type-post","3":"status-publish","4":"format-standard","5":"has-post-thumbnail","7":"category-aktualitet","8":"category-vendi"},"_links":{"self":[{"href":"https:\/\/zjarr.tv\/sq\/wp-json\/wp\/v2\/posts\/91477","targetHints":{"allow":["GET"]}}],"collection":[{"href":"https:\/\/zjarr.tv\/sq\/wp-json\/wp\/v2\/posts"}],"about":[{"href":"https:\/\/zjarr.tv\/sq\/wp-json\/wp\/v2\/types\/post"}],"author":[{"embeddable":true,"href":"https:\/\/zjarr.tv\/sq\/wp-json\/wp\/v2\/users\/2013"}],"replies":[{"embeddable":true,"href":"https:\/\/zjarr.tv\/sq\/wp-json\/wp\/v2\/comments?post=91477"}],"version-history":[{"count":0,"href":"https:\/\/zjarr.tv\/sq\/wp-json\/wp\/v2\/posts\/91477\/revisions"}],"wp:featuredmedia":[{"embeddable":true,"href":"https:\/\/zjarr.tv\/sq\/wp-json\/wp\/v2\/media\/91478"}],"wp:attachment":[{"href":"https:\/\/zjarr.tv\/sq\/wp-json\/wp\/v2\/media?parent=91477"}],"wp:term":[{"taxonomy":"category","embeddable":true,"href":"https:\/\/zjarr.tv\/sq\/wp-json\/wp\/v2\/categories?post=91477"},{"taxonomy":"post_tag","embeddable":true,"href":"https:\/\/zjarr.tv\/sq\/wp-json\/wp\/v2\/tags?post=91477"}],"curies":[{"name":"wp","href":"https:\/\/api.w.org\/{rel}","templated":true}]}}