{"id":91486,"date":"2019-06-20T17:56:05","date_gmt":"2019-06-20T15:56:05","guid":{"rendered":"https:\/\/zjarr.tv\/?p=91486"},"modified":"2019-06-20T17:56:05","modified_gmt":"2019-06-20T15:56:05","slug":"75-vjetori-i-genocidit-ndaj-shqiptareve-te-camerise-idrizi-apel-rames-thirri-arsyes-kthehu-drejt-zgjidhjes-politike","status":"publish","type":"post","link":"https:\/\/zjarr.tv\/sq\/75-vjetori-i-genocidit-ndaj-shqiptareve-te-camerise-idrizi-apel-rames-thirri-arsyes-kthehu-drejt-zgjidhjes-politike\/","title":{"rendered":"75-vjetori i Genocidit ndaj shqiptar\u00ebve t\u00eb \u00c7am\u00ebris\u00eb\/ Idrizi apel Ram\u00ebs: Thirri arsyes, kthehu drejt zgjidhjes politike"},"content":{"rendered":"<p>N\u00eb nj\u00eb konferenc\u00eb p\u00ebr shtyp, me rastin e 75-vjetorit t\u00eb Genocidit dhe spastrimit etnik mbi shqiptar\u00ebt e \u00c7am\u00ebris\u00eb, kreu i PDIU Shp\u00ebtim Idrizi i ka k\u00ebrkuar kryeministrit Edi Rama ti th\u00ebrras\u00eb arsyes e t\u00eb kthehet drejt zgjidhjes politike.<\/p>\n<p>\u201cArsyeja \u00ebsht\u00eb arratisur nga PS tek Rilindja, sot i b\u00ebj thirrje simpatizant\u00ebve e an\u00ebtar\u00ebve t\u00eb PDIU-s\u00eb dhe gjith\u00eb qytetar\u00ebve shqiptar\u00eb, t\u00eb bashkohemi n\u00eb protest\u00ebn p\u00ebr mbrojtjen e demokracis\u00eb dhe pluralizmit\u201d, u shpreh Idrizi.<\/p>\n<p>Deklarata e plot\u00eb p\u00ebr media e kryetarit t\u00eb PDIU-s\u00eb Shp\u00ebtim Idrizi:<\/p>\n<p>Mirdita e faleminderit\u00a0 p\u00ebr pranin\u00eb tuaj!<\/p>\n<p>Jam sot para jush p\u00ebr dy arsye kryesore.<\/p>\n<p>Vendi po kalon sot nj\u00eb situat\u00eb dramatike.<\/p>\n<p>Pal\u00ebt po shkojn\u00eb drejt nj\u00eb p\u00ebrplasje qytetare, q\u00eb n\u00eb k\u00ebto kushte \u00ebsht\u00eb kthyer n\u00eb nj\u00eb betej\u00eb, p\u00ebr t\u00eb mbrojtur fitoren ton\u00eb m\u00eb t\u00eb madhe t\u00eb k\u00ebtyre 30 viteve, pluralizimin dhe demokracin\u00eb.<\/p>\n<p>N\u00eb asnj\u00eb moment nuk mund t\u00eb harrojm\u00eb p\u00ebrpjekjen ton\u00eb 70-vje\u00e7are, n\u00eb mbrojtje t\u00eb demokracis\u00eb.<\/p>\n<p>Sot dua t\u2019ju drejtohem edhe me nj\u00eb apel t\u00eb ve\u00e7ant\u00eb. Ky 27 Qershor sh\u00ebnon gjithashtu, 75-vjetorin e Genocidit\u00a0 dhe spastrimit etnik, mbi shqiptar\u00ebt e \u00c7am\u00ebris\u00eb.<\/p>\n<p>Jan\u00eb 75-vjet Genocid, 75 vite pa drejt\u00ebsi.<\/p>\n<p>Nuk ka komunitet t\u00eb vog\u00ebl apo t\u00eb madh, ka komunitet q\u00eb mundet nga padrejt\u00ebsia, harresa, koha, vitet, e ky komunitet \u00ebsht\u00eb i destinuar t\u00eb pushoj\u00eb s\u00eb egzistuari, t\u00eb asimilohet.<\/p>\n<p>Ky nuk \u00ebsht\u00eb rasti i shqiptar\u00ebve t\u00eb \u00c7am\u00ebris\u00eb q\u00eb kan\u00eb, 75 vjet q\u00eb mbajn\u00eb t\u00eb gjall\u00eb kujtes\u00ebn, kultur\u00ebn, historin\u00eb, dhe q\u00eb luftojn\u00eb \u00e7do dit\u00eb e do t\u00eb luftojn\u00eb, deri sa t\u00eb egzistoj\u00eb bota, e shqiptari i fundit i \u00c7am\u00ebris\u00eb, p\u00ebr drejt\u00ebsi e dinjitet. Ne nuk harrojm\u00eb!<\/p>\n<p>Gjej rastin ti b\u00ebj thirrje \u00e7do shqiptari, e ve\u00e7an\u00ebrisht \u00e7do shqiptari t\u00eb \u00c7am\u00ebris\u00eb, t\u00eb na bashkohet n\u00eb aktivitetet e Jav\u00ebs \u00c7ame, e cila do t\u00eb nis\u00eb dit\u00ebn e shtun\u00eb, m\u00eb 22 Qershor, n\u00eb Varrezat e Kllogjerit n\u00eb Qaf\u00eb Bot\u00eb, n\u00eb ora 18:00, p\u00ebr t\u00eb p\u00ebrkujtuar e b\u00ebr\u00eb homazh p\u00ebr t\u00eb r\u00ebn\u00ebt, e p\u00ebr t\u00eb mos i harruar kurr\u00eb, as NE, e as brezat q\u00eb do vijn\u00eb.<\/p>\n<p>Por sot PDIU \u00ebsht\u00eb thell\u00ebsisht e preokupuar p\u00ebr situat\u00ebn politike, e cila \u00ebsht\u00eb tejet e rrezikshme p\u00ebr Shqip\u00ebrin\u00eb.<\/p>\n<p>Sot Rilindja po ec\u00ebn qorrazi e pa arsye, duke\u00a0 e \u00e7uar vendin drejt kolapsit institucional dhe rrezikimit\u00a0 t\u00eb\u00a0 pluralizmit politik.<\/p>\n<p>Pika m\u00eb e ul\u00ebt arriti sot, kur u propozua nisma absurde ligjore,\u00a0 p\u00ebr t\u00eb ndaluar l\u00ebvizjen jasht\u00eb shtetit, t\u00eb atyre q\u00eb \u201crilindasit\u201d do i konsiderojn\u00eb kund\u00ebrshtar\u00eb politik\u00eb.<\/p>\n<p>Me sa duket arsyeja ka ndalur s\u00eb funksionuari!!!<\/p>\n<p>Duhet ta kuptoj\u00eb mir\u00eb cilido shqiptar, e ve\u00e7an\u00ebrisht iniciator\u00ebt e k\u00ebsaj nisme, se l\u00ebvizjen e lir\u00eb t\u00eb shqiptar\u00ebve, nj\u00eb nga fitoret m\u00eb t\u00eb m\u00ebdha t\u00eb shqiptar\u00ebve pas pluralizmit e demokracis\u00eb, po e rrezikon sot, pik\u00ebrisht keq-qeverisja aktuale, e cila po st\u00ebrmbushet \u00e7do dit\u00eb me skandale financiare, t\u00eb ilegjitimitetit t\u00eb pushtetit, krimit, korrupsionit, kanabizimit e varf\u00ebris\u00eb, q\u00eb po mbillet p\u00ebrdit\u00eb n\u00eb sht\u00ebpit\u00eb e shqiptar\u00ebve.<\/p>\n<p>Nj\u00eb pushtet i ardhur nga votat e vjedhura dhe bandat, si\u00e7 po e tregojn\u00eb p\u00ebrgjimet e zbardhura t\u00eb Rilindjes, sigurisht q\u00eb sot do t\u00eb shfaqet arrogant dhe dhunues ndaj qytetar\u00ebve t\u00eb lir\u00eb t\u00eb k\u00ebtij vendi.<\/p>\n<p>Por t\u00eb jeni t\u00eb sigurt\u00eb, q\u00eb drejt\u00ebsia do e gjej\u00eb rrug\u00ebn e saj dhe pushteti n\u00eb k\u00ebt\u00eb vend, do t\u00eb vij\u00eb vet\u00ebm nga vota e lir\u00eb e qytetar\u00ebve.<\/p>\n<p>N\u00eb nj\u00eb vend ku t\u00eb gjitha pushtetet kapen nga nj\u00eb njeri i vet\u00ebm, ekzekutivi, legjislativi, gjyq\u00ebsori, media, prokuroria, kur pushojn\u00eb s\u00eb funksionuari Gjykatat, pushon s\u00eb funksionuari Demokracia.<\/p>\n<p>Jan\u00eb t\u00eb gjitha k\u00ebto arsye bashk\u00eb, se pse Edi Rama dhe Rilindja duhet ti th\u00ebrrasin arsyes, e t\u00eb kthehen drejt zgjidhjes politike, e t\u00eb mos shkaktojn\u00eb m\u00eb kosto dramatike p\u00ebr vendin.<\/p>\n<p>Por meq\u00ebn\u00ebse si\u00e7 duket arsyeja \u00ebsht\u00eb arratisur nga PS tek Rilindja, sot i b\u00ebj thirrje simpatizant\u00ebve e an\u00ebtar\u00ebve t\u00eb PDIU-s\u00eb dhe gjith\u00eb qytetar\u00ebve shqiptar\u00eb, t\u00eb bashkohemi n\u00eb protest\u00ebn p\u00ebr mbrojtjen e demokracis\u00eb dhe pluralizmit, nes\u00ebr\u00a0 n\u00eb ora 20:00, t\u00eb gjith\u00eb n\u00eb Bulevardin D\u00ebshmor\u00ebt e Kombit.<\/p>\n<p>&nbsp;<\/p>\n","protected":false},"excerpt":{"rendered":"<p>N\u00eb nj\u00eb konferenc\u00eb p\u00ebr shtyp, me rastin e 75-vjetorit t\u00eb Genocidit dhe spastrimit etnik mbi shqiptar\u00ebt e \u00c7am\u00ebris\u00eb, kreu i PDIU Shp\u00ebtim Idrizi i ka k\u00ebrkuar kryeministrit Edi Rama ti th\u00ebrras\u00eb arsyes e t\u00eb kthehet drejt zgjidhjes politike. \u201cArsyeja \u00ebsht\u00eb arratisur nga PS tek Rilindja, sot i b\u00ebj thirrje simpatizant\u00ebve e an\u00ebtar\u00ebve t\u00eb PDIU-s\u00eb dhe [&hellip;]<\/p>\n","protected":false},"author":2013,"featured_media":67951,"comment_status":"open","ping_status":"closed","sticky":false,"template":"","format":"standard","meta":{"footnotes":""},"categories":[241,235],"tags":[],"class_list":{"0":"post-91486","1":"post","2":"type-post","3":"status-publish","4":"format-standard","5":"has-post-thumbnail","7":"category-aktualitet","8":"category-vendi"},"_links":{"self":[{"href":"https:\/\/zjarr.tv\/sq\/wp-json\/wp\/v2\/posts\/91486","targetHints":{"allow":["GET"]}}],"collection":[{"href":"https:\/\/zjarr.tv\/sq\/wp-json\/wp\/v2\/posts"}],"about":[{"href":"https:\/\/zjarr.tv\/sq\/wp-json\/wp\/v2\/types\/post"}],"author":[{"embeddable":true,"href":"https:\/\/zjarr.tv\/sq\/wp-json\/wp\/v2\/users\/2013"}],"replies":[{"embeddable":true,"href":"https:\/\/zjarr.tv\/sq\/wp-json\/wp\/v2\/comments?post=91486"}],"version-history":[{"count":0,"href":"https:\/\/zjarr.tv\/sq\/wp-json\/wp\/v2\/posts\/91486\/revisions"}],"wp:featuredmedia":[{"embeddable":true,"href":"https:\/\/zjarr.tv\/sq\/wp-json\/wp\/v2\/media\/67951"}],"wp:attachment":[{"href":"https:\/\/zjarr.tv\/sq\/wp-json\/wp\/v2\/media?parent=91486"}],"wp:term":[{"taxonomy":"category","embeddable":true,"href":"https:\/\/zjarr.tv\/sq\/wp-json\/wp\/v2\/categories?post=91486"},{"taxonomy":"post_tag","embeddable":true,"href":"https:\/\/zjarr.tv\/sq\/wp-json\/wp\/v2\/tags?post=91486"}],"curies":[{"name":"wp","href":"https:\/\/api.w.org\/{rel}","templated":true}]}}