{"id":91497,"date":"2019-06-20T18:18:21","date_gmt":"2019-06-20T16:18:21","guid":{"rendered":"https:\/\/zjarr.tv\/?p=91497"},"modified":"2019-06-20T18:18:21","modified_gmt":"2019-06-20T16:18:21","slug":"tritan-shehu-parlamenti-i-rrezikshem-meta-ta-shperndaje","status":"publish","type":"post","link":"https:\/\/zjarr.tv\/sq\/tritan-shehu-parlamenti-i-rrezikshem-meta-ta-shperndaje\/","title":{"rendered":"Tritan Shehu: Parlamenti i rreziksh\u00ebm, Meta ta shp\u00ebrndaj\u00eb"},"content":{"rendered":"<p>Ish-deputeti i Partis\u00eb Demokratike, Tritan Shehu p\u00ebrmes nj\u00eb statusi n\u00eb profilin e tij n\u00eb Facebook e konsideron Parlamentin shqiptar t\u00eb rreziksh\u00ebm.<\/p>\n<p>Sipas tij, Presidenti Ilir Meta ka t\u00eb gjitha arsyet q\u00eb ta shp\u00ebrndaj\u00eb.<\/p>\n<p>STATUSI I PLOTE<\/p>\n<p>Ky Parlament eshte jo vetem antikushtetues, por dhe i rrezikshem!<br \/>\nMeta e ka te gjitha aresyet dhe kompetencat ta shperndaje.<\/p>\n<p>Qe prej nxjerrjes se Dekretit legjitim dhe te domosdoshem te tij per anullimin e dates se zgjedhjeve lokale te 30 Qershorit, po imponohet hapi i shperndarjes se Kuvendit.<br \/>\nKy Parlament antikushteues nga numri i tij prej 122 deputete mbi 140 te domosdoshem, menyra e implementimit formal te vendimit per dorrezimin e mandateve, menyra e \u201cpeshkimit\u201d te 42 \u201cpupaceve\u201d, procedurat e pa ligjeshme te veprimit te tij, faktet e fundit ne deformimin e votes etj, ka humbur cdo te drejte per te funksionuar.<br \/>\nMiratimi me 100 vota i nje \u201cflet rrufeje\u201d ne forme rezolute pa asnje vlere, si kundervenie ndaj Dekretit presidencial, qe po perdoret per te vazhduar procesin antikushtetues te zgjedhjeve vendore, e inkriminon rende kete Parlament.<br \/>\nProvokacioni per te futur aty nje nga projekt ligjet me te erreta, ate te pengimit te shqiptareve ne levizjen e tyre te lire, eshte kriminal.<br \/>\nSe fundi eshte fillimi i procedurave te shkarkimit te Presidentit, e ngjashme kjo me nje grusht shteti Parlamentar.<br \/>\nPra tashme kemi te bejme jo vetem me antikushtetushmeri, por dhe me rrezikeshmeri te ketij Parlamenti.<br \/>\nPresidenti duhet ta cmontoje sa me pare kete \u201ckobure\u201d te verber.<\/p>\n<p>&nbsp;<\/p>\n","protected":false},"excerpt":{"rendered":"<p>Ish-deputeti i Partis\u00eb Demokratike, Tritan Shehu p\u00ebrmes nj\u00eb statusi n\u00eb profilin e tij n\u00eb Facebook e konsideron Parlamentin shqiptar t\u00eb rreziksh\u00ebm. Sipas tij, Presidenti Ilir Meta ka t\u00eb gjitha arsyet q\u00eb ta shp\u00ebrndaj\u00eb. STATUSI I PLOTE Ky Parlament eshte jo vetem antikushtetues, por dhe i rrezikshem! Meta e ka te gjitha aresyet dhe kompetencat ta [&hellip;]<\/p>\n","protected":false},"author":2013,"featured_media":86737,"comment_status":"open","ping_status":"closed","sticky":false,"template":"","format":"standard","meta":{"footnotes":""},"categories":[241,235],"tags":[],"class_list":{"0":"post-91497","1":"post","2":"type-post","3":"status-publish","4":"format-standard","5":"has-post-thumbnail","7":"category-aktualitet","8":"category-vendi"},"_links":{"self":[{"href":"https:\/\/zjarr.tv\/sq\/wp-json\/wp\/v2\/posts\/91497","targetHints":{"allow":["GET"]}}],"collection":[{"href":"https:\/\/zjarr.tv\/sq\/wp-json\/wp\/v2\/posts"}],"about":[{"href":"https:\/\/zjarr.tv\/sq\/wp-json\/wp\/v2\/types\/post"}],"author":[{"embeddable":true,"href":"https:\/\/zjarr.tv\/sq\/wp-json\/wp\/v2\/users\/2013"}],"replies":[{"embeddable":true,"href":"https:\/\/zjarr.tv\/sq\/wp-json\/wp\/v2\/comments?post=91497"}],"version-history":[{"count":0,"href":"https:\/\/zjarr.tv\/sq\/wp-json\/wp\/v2\/posts\/91497\/revisions"}],"wp:featuredmedia":[{"embeddable":true,"href":"https:\/\/zjarr.tv\/sq\/wp-json\/wp\/v2\/media\/86737"}],"wp:attachment":[{"href":"https:\/\/zjarr.tv\/sq\/wp-json\/wp\/v2\/media?parent=91497"}],"wp:term":[{"taxonomy":"category","embeddable":true,"href":"https:\/\/zjarr.tv\/sq\/wp-json\/wp\/v2\/categories?post=91497"},{"taxonomy":"post_tag","embeddable":true,"href":"https:\/\/zjarr.tv\/sq\/wp-json\/wp\/v2\/tags?post=91497"}],"curies":[{"name":"wp","href":"https:\/\/api.w.org\/{rel}","templated":true}]}}