{"id":91695,"date":"2019-06-21T19:19:56","date_gmt":"2019-06-21T17:19:56","guid":{"rendered":"https:\/\/zjarr.tv\/?p=91695"},"modified":"2019-06-21T19:19:56","modified_gmt":"2019-06-21T17:19:56","slug":"spiropali-i-kthehet-metes-cduhet-te-thone-shqiptaret-kur-ti-pozon-para-flamurit-kombetar-me-antidekretin","status":"publish","type":"post","link":"https:\/\/zjarr.tv\/sq\/spiropali-i-kthehet-metes-cduhet-te-thone-shqiptaret-kur-ti-pozon-para-flamurit-kombetar-me-antidekretin\/","title":{"rendered":"Spiropali i kthehet Met\u00ebs: \u00c7&#8217;duhet t\u00eb thon\u00eb shqiptar\u00ebt kur ti pozon para flamurit komb\u00ebtar me antidekretin?!"},"content":{"rendered":"<p>Ministrja e Shtetit p\u00ebr Marr\u00ebdh\u00ebniet me Parlamentin, \u00a0Elisa Spiropali ka reaguar p\u00ebr deklarat\u00ebn e Presidenc\u00ebs lidhur me flamujt komb\u00ebtar\u00eb t\u00eb hedhur n\u00eb tok\u00eb pas tubimit elektoral t\u00eb kryeministrit Rama dje n\u00eb Shkod\u00ebr.<\/p>\n<p>N\u00eb nj\u00eb postim n\u00eb twitter, Spiropali shkruan:\u00a0<em>&#8220;Zot\u00ebris\u00eb i paska kapur syri.net disa flamuj komb\u00ebtar\u00eb p\u00ebrtok\u00eb, p\u00ebrpara se organizator\u00ebt t\u00eb pastronin vendin e mitingut dhe qenka shqet\u00ebsuar p\u00ebr fatin e tyre! Po \u00e7&#8217;duhet t\u00eb thon\u00eb shqiptar\u00ebt kur e shohin Ilirin q\u00eb pozon para flamurit komb\u00ebtar me antidekretin e tij?!&#8221;<\/em><\/p>\n<p>M\u00eb her\u00ebt Presidenti p\u00ebrmes z\u00ebdh\u00ebn\u00ebsit Tedi Blushi, Presidenca shprehu keqardhjen e thell\u00eb p\u00ebr &#8220;aktet e papranueshme q\u00eb kan\u00eb ndodhur dje me Flamurin Komb\u00ebtar, t\u00eb p\u00ebrdhosur n\u00eb m\u00ebnyr\u00eb t\u00eb turpshme n\u00eb rrug\u00ebt e Shkodr\u00ebs n\u00eb p\u00ebrfundim t\u00eb nj\u00eb takimi n\u00eb k\u00ebt\u00eb qytet, dhe q\u00eb jan\u00eb b\u00ebr\u00eb sot publike nga mediat e pavarura&#8221;.<\/p>\n<p>Presidenti u b\u00ebri thirrje organizator\u00ebve t\u00eb k\u00ebtyre takimeve t\u00eb tregojn\u00eb m\u00eb shum\u00eb respekt p\u00ebr Flamurin Komb\u00ebtar, simbolin p\u00ebrbashkues t\u00eb shqiptar\u00ebve kudo n\u00eb bot\u00eb, si dhe t\u00eb distancohen publikisht nga k\u00ebto akte t\u00eb papranueshme dhe provokuese p\u00ebr \u00e7do shqiptar.<\/p>\n<p>&nbsp;<\/p>\n","protected":false},"excerpt":{"rendered":"<p>Ministrja e Shtetit p\u00ebr Marr\u00ebdh\u00ebniet me Parlamentin, \u00a0Elisa Spiropali ka reaguar p\u00ebr deklarat\u00ebn e Presidenc\u00ebs lidhur me flamujt komb\u00ebtar\u00eb t\u00eb hedhur n\u00eb tok\u00eb pas tubimit elektoral t\u00eb kryeministrit Rama dje n\u00eb Shkod\u00ebr. N\u00eb nj\u00eb postim n\u00eb twitter, Spiropali shkruan:\u00a0&#8220;Zot\u00ebris\u00eb i paska kapur syri.net disa flamuj komb\u00ebtar\u00eb p\u00ebrtok\u00eb, p\u00ebrpara se organizator\u00ebt t\u00eb pastronin vendin e mitingut [&hellip;]<\/p>\n","protected":false},"author":2013,"featured_media":88969,"comment_status":"open","ping_status":"closed","sticky":false,"template":"","format":"standard","meta":{"footnotes":""},"categories":[241,235],"tags":[],"class_list":{"0":"post-91695","1":"post","2":"type-post","3":"status-publish","4":"format-standard","5":"has-post-thumbnail","7":"category-aktualitet","8":"category-vendi"},"_links":{"self":[{"href":"https:\/\/zjarr.tv\/sq\/wp-json\/wp\/v2\/posts\/91695","targetHints":{"allow":["GET"]}}],"collection":[{"href":"https:\/\/zjarr.tv\/sq\/wp-json\/wp\/v2\/posts"}],"about":[{"href":"https:\/\/zjarr.tv\/sq\/wp-json\/wp\/v2\/types\/post"}],"author":[{"embeddable":true,"href":"https:\/\/zjarr.tv\/sq\/wp-json\/wp\/v2\/users\/2013"}],"replies":[{"embeddable":true,"href":"https:\/\/zjarr.tv\/sq\/wp-json\/wp\/v2\/comments?post=91695"}],"version-history":[{"count":0,"href":"https:\/\/zjarr.tv\/sq\/wp-json\/wp\/v2\/posts\/91695\/revisions"}],"wp:featuredmedia":[{"embeddable":true,"href":"https:\/\/zjarr.tv\/sq\/wp-json\/wp\/v2\/media\/88969"}],"wp:attachment":[{"href":"https:\/\/zjarr.tv\/sq\/wp-json\/wp\/v2\/media?parent=91695"}],"wp:term":[{"taxonomy":"category","embeddable":true,"href":"https:\/\/zjarr.tv\/sq\/wp-json\/wp\/v2\/categories?post=91695"},{"taxonomy":"post_tag","embeddable":true,"href":"https:\/\/zjarr.tv\/sq\/wp-json\/wp\/v2\/tags?post=91695"}],"curies":[{"name":"wp","href":"https:\/\/api.w.org\/{rel}","templated":true}]}}