{"id":91697,"date":"2019-06-21T19:21:10","date_gmt":"2019-06-21T17:21:10","guid":{"rendered":"https:\/\/zjarr.tv\/?p=91697"},"modified":"2019-06-21T19:21:10","modified_gmt":"2019-06-21T17:21:10","slug":"burgjet-asnje-leje-shperblyese-nga-7-qershori","status":"publish","type":"post","link":"https:\/\/zjarr.tv\/sq\/burgjet-asnje-leje-shperblyese-nga-7-qershori\/","title":{"rendered":"Burgjet: Asnj\u00eb leje shp\u00ebrblyese nga 7 qershori"},"content":{"rendered":"<p>Drejtoria e P\u00ebrgjithshme e Burgjeve deklaron se q\u00eb nga 7 qershori \u00ebsht\u00eb vendosur pezullimi i t\u00eb gjitha lejeve shp\u00ebrblyese p\u00ebr t\u00eb gjith\u00eb t\u00eb d\u00ebnuarit.<\/p>\n<p>N\u00eb nj\u00eb deklarat\u00eb t\u00eb shp\u00ebrndar\u00eb p\u00ebr mediat, Burgjet theksojn\u00eb se n\u00eb asnj\u00eb burg n\u00eb vend nuk rezulton ndonj\u00eb i d\u00ebnuar me leje shp\u00ebrblyese.<\/p>\n<p>\u201cP\u00ebr t\u00eb parandaluar fenomene t\u00eb s\u00eb kaluar\u00ebs, me urdh\u00ebr t\u00eb Drejtorit t\u00eb P\u00ebrgjithsh\u00ebm t\u00eb Burgjeve (m\u00eb dat\u00eb 07.06.2019, nr. 5211) \u00ebsht\u00eb vendosur pezullimi i t\u00eb gjitha lejeve shp\u00ebrblyese p\u00ebr t\u00eb gjith\u00eb t\u00eb d\u00ebnuarit. deri n\u00eb nj\u00eb urdh\u00ebr t\u00eb dyt\u00eb.<\/p>\n<p>Sot n\u00eb dat\u00eb 21 Qershor, Ministria e Drejt\u00ebsis\u00eb me t\u00eb gjitha strukturat e saj SHKBB dhe ato t\u00eb Drejtoris\u00eb s\u00eb P\u00ebrgjithshme t\u00eb Burgjeve kan\u00eb kryer hetime dhe verifikime dhe nuk rezulton asnj\u00eb i d\u00ebnuar me leje shp\u00ebrblyese, jo vet\u00ebm p\u00ebr IEVP Fier por n\u00eb t\u00eb gjith\u00eb IEVP-t\u00eb n\u00eb vend\u201d, deklaron Drejtoria e P\u00ebrgjithshme e Burgjeve.<\/p>\n<p>M\u00eb tej thuhet se \u201cbazuar n\u00eb urdhrin e Ministrit t\u00eb Drejt\u00ebsis\u00eb dhe planit t\u00eb masave t\u00eb Drejtorit t\u00eb P\u00ebrgjithsh\u00ebm, si pasoj\u00eb e zbatimit t\u00eb regjimit t\u00eb posa\u00e7\u00ebm t\u00eb t\u00eb d\u00ebnuarve dhe t\u00eb paraburgosurve, jan\u00eb marr\u00eb masa shtes\u00eb p\u00ebr sigurin\u00eb n\u00eb sistemin penitenciar\u201d.<\/p>\n<p>&nbsp;<\/p>\n","protected":false},"excerpt":{"rendered":"<p>Drejtoria e P\u00ebrgjithshme e Burgjeve deklaron se q\u00eb nga 7 qershori \u00ebsht\u00eb vendosur pezullimi i t\u00eb gjitha lejeve shp\u00ebrblyese p\u00ebr t\u00eb gjith\u00eb t\u00eb d\u00ebnuarit. N\u00eb nj\u00eb deklarat\u00eb t\u00eb shp\u00ebrndar\u00eb p\u00ebr mediat, Burgjet theksojn\u00eb se n\u00eb asnj\u00eb burg n\u00eb vend nuk rezulton ndonj\u00eb i d\u00ebnuar me leje shp\u00ebrblyese. \u201cP\u00ebr t\u00eb parandaluar fenomene t\u00eb s\u00eb kaluar\u00ebs, me [&hellip;]<\/p>\n","protected":false},"author":2013,"featured_media":69989,"comment_status":"open","ping_status":"closed","sticky":false,"template":"","format":"standard","meta":{"footnotes":""},"categories":[241,235],"tags":[],"class_list":{"0":"post-91697","1":"post","2":"type-post","3":"status-publish","4":"format-standard","5":"has-post-thumbnail","7":"category-aktualitet","8":"category-vendi"},"_links":{"self":[{"href":"https:\/\/zjarr.tv\/sq\/wp-json\/wp\/v2\/posts\/91697","targetHints":{"allow":["GET"]}}],"collection":[{"href":"https:\/\/zjarr.tv\/sq\/wp-json\/wp\/v2\/posts"}],"about":[{"href":"https:\/\/zjarr.tv\/sq\/wp-json\/wp\/v2\/types\/post"}],"author":[{"embeddable":true,"href":"https:\/\/zjarr.tv\/sq\/wp-json\/wp\/v2\/users\/2013"}],"replies":[{"embeddable":true,"href":"https:\/\/zjarr.tv\/sq\/wp-json\/wp\/v2\/comments?post=91697"}],"version-history":[{"count":0,"href":"https:\/\/zjarr.tv\/sq\/wp-json\/wp\/v2\/posts\/91697\/revisions"}],"wp:featuredmedia":[{"embeddable":true,"href":"https:\/\/zjarr.tv\/sq\/wp-json\/wp\/v2\/media\/69989"}],"wp:attachment":[{"href":"https:\/\/zjarr.tv\/sq\/wp-json\/wp\/v2\/media?parent=91697"}],"wp:term":[{"taxonomy":"category","embeddable":true,"href":"https:\/\/zjarr.tv\/sq\/wp-json\/wp\/v2\/categories?post=91697"},{"taxonomy":"post_tag","embeddable":true,"href":"https:\/\/zjarr.tv\/sq\/wp-json\/wp\/v2\/tags?post=91697"}],"curies":[{"name":"wp","href":"https:\/\/api.w.org\/{rel}","templated":true}]}}