{"id":91703,"date":"2019-06-21T19:25:43","date_gmt":"2019-06-21T17:25:43","guid":{"rendered":"https:\/\/zjarr.tv\/?p=91703"},"modified":"2019-06-21T19:25:43","modified_gmt":"2019-06-21T17:25:43","slug":"2500-protestues-nisen-me-autobus-drejt-tiranes-ish-deputeti-te-gjithe-bashke-per-ti-hapur-rruge-ndryshimit","status":"publish","type":"post","link":"https:\/\/zjarr.tv\/sq\/2500-protestues-nisen-me-autobus-drejt-tiranes-ish-deputeti-te-gjithe-bashke-per-ti-hapur-rruge-ndryshimit\/","title":{"rendered":"2500 protestues nisen me autobus drejt Tiran\u00ebs\/ Ish deputeti: T\u00eb gjith\u00eb bashk\u00eb p\u00ebr t\u2019i hapur rrug\u00eb ndryshimit"},"content":{"rendered":"<p>Qindra qytetar\u00eb jan\u00eb nisur drejt Tiran\u00ebs p\u00ebr t\u00eb marr\u00eb pjes\u00eb n\u00eb protest\u00ebn e n\u00ebnt\u00eb komb\u00ebtare t\u00eb Opozit\u00ebs q\u00eb do t\u00eb mbahet n\u00eb or\u00ebn 20:00 n\u00eb Bulevardin \u201cD\u00ebshmor\u00ebt e Kombit\u201d.<\/p>\n<p>Ish-deputeti Tritan Shehu ka njoftuar se rreth 2500 protestues jan\u00eb nisur\u00a0 nga Gjirokastra, P\u00ebrmeti, Libohova, Tepelena, Dropulli e K\u00eblcyre, q\u00eb do t\u2019i bashkohen protest\u00ebs s\u00eb sotme.<\/p>\n<p>Sipas Shehut, qytetar\u00ebt do t\u00eb jen\u00eb para kryeministris\u00eb p\u00ebr t\u00eb protestuar kund\u00ebr varf\u00ebris\u00eb, papun\u00ebsis\u00eb, diskriminimit, kund\u00ebr atrofizimit t\u00eb universitetit aty, degradimit t\u00eb sistemit sh\u00ebndet\u00ebsor e arsimor etj.<\/p>\n<p><strong>Postimi i plot\u00eb:\u00a0<\/strong><\/p>\n<p>Qarku i Gjirokastres, i vendosur te mbroje vlerat e demokracise e pluralizmit, perseri ne \u201crruge\u201d drejt Tiranes.<\/p>\n<p>Jane reth 2500 protestues nga Gjirokastra, Permeti, Libohova, Tepelena, Dropulli e Kelcyre, qe do t\u2019i bashkohen protestes se sotme.<\/p>\n<p>Ne fakt eshte shumica e banoreve te atij Qarku, qe gjithmone ka qene ne radhe te pare per te mbrojtur ate qe eshte me e shenjte per Shqiperine e shqiptaret, qe me zemer e mendje do te jene ne Tirane sot ne darke.<\/p>\n<p>Do jene ne Bulevardin Deshmoret e Kombit pikerisht per te protestuar kunder varferise, papunesise, diskriminimit, kunder atrofizimit te universitetit aty, degradimit te sistemit shendetesor e arsimor, faktit qe jane te detyruar te braktisin me mijra ate treve me vlera, pasuri e mundesi te medha etj.<\/p>\n<p>Te gjithe sot ne Tirane per t\u2019i hapur rruge ndryshimit!<\/p>\n<p>&nbsp;<\/p>\n","protected":false},"excerpt":{"rendered":"<p>Qindra qytetar\u00eb jan\u00eb nisur drejt Tiran\u00ebs p\u00ebr t\u00eb marr\u00eb pjes\u00eb n\u00eb protest\u00ebn e n\u00ebnt\u00eb komb\u00ebtare t\u00eb Opozit\u00ebs q\u00eb do t\u00eb mbahet n\u00eb or\u00ebn 20:00 n\u00eb Bulevardin \u201cD\u00ebshmor\u00ebt e Kombit\u201d. Ish-deputeti Tritan Shehu ka njoftuar se rreth 2500 protestues jan\u00eb nisur\u00a0 nga Gjirokastra, P\u00ebrmeti, Libohova, Tepelena, Dropulli e K\u00eblcyre, q\u00eb do t\u2019i bashkohen protest\u00ebs s\u00eb sotme. [&hellip;]<\/p>\n","protected":false},"author":2013,"featured_media":91704,"comment_status":"open","ping_status":"closed","sticky":false,"template":"","format":"standard","meta":{"footnotes":""},"categories":[241,235],"tags":[],"class_list":{"0":"post-91703","1":"post","2":"type-post","3":"status-publish","4":"format-standard","5":"has-post-thumbnail","7":"category-aktualitet","8":"category-vendi"},"_links":{"self":[{"href":"https:\/\/zjarr.tv\/sq\/wp-json\/wp\/v2\/posts\/91703","targetHints":{"allow":["GET"]}}],"collection":[{"href":"https:\/\/zjarr.tv\/sq\/wp-json\/wp\/v2\/posts"}],"about":[{"href":"https:\/\/zjarr.tv\/sq\/wp-json\/wp\/v2\/types\/post"}],"author":[{"embeddable":true,"href":"https:\/\/zjarr.tv\/sq\/wp-json\/wp\/v2\/users\/2013"}],"replies":[{"embeddable":true,"href":"https:\/\/zjarr.tv\/sq\/wp-json\/wp\/v2\/comments?post=91703"}],"version-history":[{"count":0,"href":"https:\/\/zjarr.tv\/sq\/wp-json\/wp\/v2\/posts\/91703\/revisions"}],"wp:featuredmedia":[{"embeddable":true,"href":"https:\/\/zjarr.tv\/sq\/wp-json\/wp\/v2\/media\/91704"}],"wp:attachment":[{"href":"https:\/\/zjarr.tv\/sq\/wp-json\/wp\/v2\/media?parent=91703"}],"wp:term":[{"taxonomy":"category","embeddable":true,"href":"https:\/\/zjarr.tv\/sq\/wp-json\/wp\/v2\/categories?post=91703"},{"taxonomy":"post_tag","embeddable":true,"href":"https:\/\/zjarr.tv\/sq\/wp-json\/wp\/v2\/tags?post=91703"}],"curies":[{"name":"wp","href":"https:\/\/api.w.org\/{rel}","templated":true}]}}