{"id":91782,"date":"2019-06-22T15:18:03","date_gmt":"2019-06-22T13:18:03","guid":{"rendered":"https:\/\/zjarr.tv\/?p=91782"},"modified":"2019-06-22T15:18:03","modified_gmt":"2019-06-22T13:18:03","slug":"nje-dite-pas-protestes-paqesore-ambasadori-italian-vizite-surprize-ne-zyren-e-bashes","status":"publish","type":"post","link":"https:\/\/zjarr.tv\/sq\/nje-dite-pas-protestes-paqesore-ambasadori-italian-vizite-surprize-ne-zyren-e-bashes\/","title":{"rendered":"Nj\u00eb dit\u00eb pas protest\u00ebs paq\u00ebsore, ambasadori italian vizit\u00eb surpriz\u00eb n\u00eb zyr\u00ebn e Bash\u00ebs!"},"content":{"rendered":"<p>Vet\u00ebm nj\u00eb dit\u00eb pas protest\u00ebs madh\u00ebshtore p\u00ebr nga masiviteti dhe qytetaria t\u00eb opozit\u00ebs, ambasadori italian ka braktisur pushimin e t\u00eb diel\u00ebs dhe ka b\u00ebr\u00eb nj\u00eb vizit\u00eb surpriz\u00eb, n\u00eb zyr\u00ebn e Lulzim Basha.<br \/>\nKryediplomati italian n\u00eb Tiran\u00eb, Alberto Cutillo, \u00ebsht\u00eb shfaqur i relaksuar k\u00ebt\u00eb paradite n\u00eb selin\u00eb e Partis\u00eb Demokratike, ku m\u00eb pas ka nisur nj\u00eb takim t\u00eb gjat\u00eb me liderin e PD-s\u00eb, Lulzim Bash\u00ebn.<br \/>\nBurimet thon\u00eb se pas zhvillimeve t\u00eb fundit, tema e k\u00ebtij takimi \u00ebsht\u00eb diskutimi p\u00ebr nj\u00eb zgjidhje p\u00ebrfundimtare t\u00eb kriz\u00ebs s\u00eb thell\u00eb q\u00eb ka kapluar vendin. Kreu i opozit\u00ebs e kishte paralajm\u00ebruar q\u00eb m\u00eb her\u00ebt, se nuk do t\u00eb binte n\u00eb kurthin e provokimeve dhe t\u00eb planit t\u00eb Edi Ram\u00ebs p\u00ebr t\u00eb shnd\u00ebrrua protesta e opozit\u00ebs n\u00eb t\u00eb dhunshme.<br \/>\nSipas informacioneve t\u00eb shumta pas skandaleve t\u00eb shumta dhe publikmit t\u00eb p\u00ebrgjimeve t\u00eb r\u00ebnda t\u00eb BILD, Rama po synon q\u00eb t\u00eb p\u00ebrdor\u00eb t\u00eb vetmen alibi q\u00eb i ka mbetur p\u00ebrpara kancelarive m\u00eb t\u00eb r\u00ebnd\u00ebsishme per\u00ebndimore, p\u00ebr t\u00eb mbajtur karrigen e kryeministrit; opozita k\u00ebrkon destabilizimin e vendit dhe p\u00ebrplasje civile.<\/p>\n","protected":false},"excerpt":{"rendered":"<p>Vet\u00ebm nj\u00eb dit\u00eb pas protest\u00ebs madh\u00ebshtore p\u00ebr nga masiviteti dhe qytetaria t\u00eb opozit\u00ebs, ambasadori italian ka braktisur pushimin e t\u00eb diel\u00ebs dhe ka b\u00ebr\u00eb nj\u00eb vizit\u00eb surpriz\u00eb, n\u00eb zyr\u00ebn e Lulzim Basha. Kryediplomati italian n\u00eb Tiran\u00eb, Alberto Cutillo, \u00ebsht\u00eb shfaqur i relaksuar k\u00ebt\u00eb paradite n\u00eb selin\u00eb e Partis\u00eb Demokratike, ku m\u00eb pas ka nisur nj\u00eb [&hellip;]<\/p>\n","protected":false},"author":2013,"featured_media":90568,"comment_status":"open","ping_status":"closed","sticky":false,"template":"","format":"standard","meta":{"footnotes":""},"categories":[241,235],"tags":[],"class_list":{"0":"post-91782","1":"post","2":"type-post","3":"status-publish","4":"format-standard","5":"has-post-thumbnail","7":"category-aktualitet","8":"category-vendi"},"_links":{"self":[{"href":"https:\/\/zjarr.tv\/sq\/wp-json\/wp\/v2\/posts\/91782","targetHints":{"allow":["GET"]}}],"collection":[{"href":"https:\/\/zjarr.tv\/sq\/wp-json\/wp\/v2\/posts"}],"about":[{"href":"https:\/\/zjarr.tv\/sq\/wp-json\/wp\/v2\/types\/post"}],"author":[{"embeddable":true,"href":"https:\/\/zjarr.tv\/sq\/wp-json\/wp\/v2\/users\/2013"}],"replies":[{"embeddable":true,"href":"https:\/\/zjarr.tv\/sq\/wp-json\/wp\/v2\/comments?post=91782"}],"version-history":[{"count":0,"href":"https:\/\/zjarr.tv\/sq\/wp-json\/wp\/v2\/posts\/91782\/revisions"}],"wp:featuredmedia":[{"embeddable":true,"href":"https:\/\/zjarr.tv\/sq\/wp-json\/wp\/v2\/media\/90568"}],"wp:attachment":[{"href":"https:\/\/zjarr.tv\/sq\/wp-json\/wp\/v2\/media?parent=91782"}],"wp:term":[{"taxonomy":"category","embeddable":true,"href":"https:\/\/zjarr.tv\/sq\/wp-json\/wp\/v2\/categories?post=91782"},{"taxonomy":"post_tag","embeddable":true,"href":"https:\/\/zjarr.tv\/sq\/wp-json\/wp\/v2\/tags?post=91782"}],"curies":[{"name":"wp","href":"https:\/\/api.w.org\/{rel}","templated":true}]}}