{"id":91793,"date":"2019-06-22T15:53:34","date_gmt":"2019-06-22T13:53:34","guid":{"rendered":"https:\/\/zjarr.tv\/?p=91793"},"modified":"2019-06-22T15:53:34","modified_gmt":"2019-06-22T13:53:34","slug":"dosja-339-prokuroria-pyet-deputetin-e-ps-u-lakua-ne-pergjimet-e-bild","status":"publish","type":"post","link":"https:\/\/zjarr.tv\/sq\/dosja-339-prokuroria-pyet-deputetin-e-ps-u-lakua-ne-pergjimet-e-bild\/","title":{"rendered":"Dosja 339\/Prokuroria pyet deputetin e PS, u lakua n\u00eb p\u00ebrgjimet e Bild"},"content":{"rendered":"<p>Deputeti i Partis\u00eb Sopcialiste Ilir Ndraxhi, emri i t\u00eb cilit lakohet n\u00eb p\u00ebrgjimet e publikuara nga tabloidi gjerman BILD nga ish i d\u00ebnuari p\u00ebr vrasje Astrit Avdylaj, \u00ebsht\u00eb marr\u00eb n\u00eb pyetje nga prokuroria p\u00ebr Krime t\u00eb R\u00ebnda p\u00ebr llogari t\u00eb hetimeve t\u00eb dosjes 339.<\/p>\n<p>Burime konfirmuan se Ndraxhi u paraqit n\u00eb institucionin e akuz\u00ebs dit\u00ebn e enjte dhe q\u00ebndroi p\u00ebrball\u00eb dy prokuror\u00ebve Vladimir Mara dhe Dritan Pren\u00e7i p\u00ebr afro dy or\u00eb duke dh\u00ebn\u00eb shpjegimet e tij p\u00ebr \u00e7\u00ebshtjen.<\/p>\n<p>N\u00eb p\u00ebrgjimet e prokuroris\u00eb q\u00eb u publikuan nga BILD, d\u00ebgjohet Astrit Avbdylaj teksa flet me Arjan Ndraxhin, v\u00ebllain e ligjv\u00ebn\u00ebsit socialist, t\u00eb cilin e informon se Iliri do t\u00eb jet\u00eb n\u00eb list\u00ebn e kandidat\u00ebve p\u00ebr deputet\u00eb n\u00eb zgjedhjet parlamentare t\u00eb qershorit 2017.<\/p>\n<p>Biseda ngriti dyshime t\u00eb forta se \u00ebsht\u00eb pik\u00ebrisht Astrit Avdylaj, njeriu q\u00eb ka ndikuar q\u00eb Ndraxhi t\u00eb jet\u00eb pjes\u00eb e list\u00ebs, edhe pse deputeti ka mohuar cdo lidhje me an\u00ebtar\u00ebt e grupit kriminal.<\/p>\n<p>Astrit Avdylaj dhe miqt\u00eb e tij, t\u00eb cil\u00ebt po hetoheshin p\u00ebr trafik droge nga Shqip\u00ebria drejt vendeve t\u00eb Bashkimit Europian, u p\u00ebrgjuan teksa flisnin me zyrtar\u00eb lokal\u00eb n\u00eb Durr\u00ebs, p\u00ebr fshir\u00eb dhe kryebashkiakun Vangjush Dako.<\/p>\n<p>Referuar p\u00ebrgjimeve , ka dyshime t\u00eb forta se Astrit Avdylaj, siguronte vota p\u00ebr llogari t\u00eb Partis\u00eb Socialiste, c\u2019ka mund t\u00eb ket\u00eb sjell\u00eb p\u00ebr pasoj\u00eb edhe deformimin e rezultatit t\u00eb zgjedhjeve parlamentare t\u00eb 2017.<\/p>\n<p>Prokuroria e cila u detyrua pas zhurm\u00ebs publike t\u00eb niste nj\u00eb hetim p\u00ebr shitblerjen e vot\u00ebs n\u00eb kuad\u00ebr t\u00eb grupit kriminal, ka marr\u00eb m\u00eb her\u00ebt edhe d\u00ebshmin\u00eb e kryebashkiakut t\u00eb Durr\u00ebsit, Vangjush Dako.<\/p>\n<p>&nbsp;<\/p>\n","protected":false},"excerpt":{"rendered":"<p>Deputeti i Partis\u00eb Sopcialiste Ilir Ndraxhi, emri i t\u00eb cilit lakohet n\u00eb p\u00ebrgjimet e publikuara nga tabloidi gjerman BILD nga ish i d\u00ebnuari p\u00ebr vrasje Astrit Avdylaj, \u00ebsht\u00eb marr\u00eb n\u00eb pyetje nga prokuroria p\u00ebr Krime t\u00eb R\u00ebnda p\u00ebr llogari t\u00eb hetimeve t\u00eb dosjes 339. Burime konfirmuan se Ndraxhi u paraqit n\u00eb institucionin e akuz\u00ebs dit\u00ebn [&hellip;]<\/p>\n","protected":false},"author":2013,"featured_media":91794,"comment_status":"open","ping_status":"closed","sticky":false,"template":"","format":"standard","meta":{"footnotes":""},"categories":[241,235],"tags":[],"class_list":{"0":"post-91793","1":"post","2":"type-post","3":"status-publish","4":"format-standard","5":"has-post-thumbnail","7":"category-aktualitet","8":"category-vendi"},"_links":{"self":[{"href":"https:\/\/zjarr.tv\/sq\/wp-json\/wp\/v2\/posts\/91793","targetHints":{"allow":["GET"]}}],"collection":[{"href":"https:\/\/zjarr.tv\/sq\/wp-json\/wp\/v2\/posts"}],"about":[{"href":"https:\/\/zjarr.tv\/sq\/wp-json\/wp\/v2\/types\/post"}],"author":[{"embeddable":true,"href":"https:\/\/zjarr.tv\/sq\/wp-json\/wp\/v2\/users\/2013"}],"replies":[{"embeddable":true,"href":"https:\/\/zjarr.tv\/sq\/wp-json\/wp\/v2\/comments?post=91793"}],"version-history":[{"count":0,"href":"https:\/\/zjarr.tv\/sq\/wp-json\/wp\/v2\/posts\/91793\/revisions"}],"wp:featuredmedia":[{"embeddable":true,"href":"https:\/\/zjarr.tv\/sq\/wp-json\/wp\/v2\/media\/91794"}],"wp:attachment":[{"href":"https:\/\/zjarr.tv\/sq\/wp-json\/wp\/v2\/media?parent=91793"}],"wp:term":[{"taxonomy":"category","embeddable":true,"href":"https:\/\/zjarr.tv\/sq\/wp-json\/wp\/v2\/categories?post=91793"},{"taxonomy":"post_tag","embeddable":true,"href":"https:\/\/zjarr.tv\/sq\/wp-json\/wp\/v2\/tags?post=91793"}],"curies":[{"name":"wp","href":"https:\/\/api.w.org\/{rel}","templated":true}]}}