{"id":91799,"date":"2019-06-22T16:13:37","date_gmt":"2019-06-22T14:13:37","guid":{"rendered":"https:\/\/zjarr.tv\/?p=91799"},"modified":"2019-06-22T16:13:37","modified_gmt":"2019-06-22T14:13:37","slug":"selmani-bashkohet-me-skuadren-e-ardhmja-pas-kupave-te-europes","status":"publish","type":"post","link":"https:\/\/zjarr.tv\/sq\/selmani-bashkohet-me-skuadren-e-ardhmja-pas-kupave-te-europes\/","title":{"rendered":"Selmani bashkohet me skuadr\u00ebn, e ardhmja pas Kupave t\u00eb Europ\u00ebs"},"content":{"rendered":"<p>Gentian Selmani ka l\u00ebn\u00eb pas pushimet dhe dit\u00ebn e sotme \u00ebsht\u00eb bashkuar me skuadr\u00ebn p\u00ebr t\u00eb nisur p\u00ebrgatitje p\u00ebr Kupat e Europ\u00ebs. Gardiani i Komb\u00ebtares shqiptare flitet se mund t\u00eb bashkohet me Tiran\u00ebn, por edhe Sk\u00ebnderbeun n\u00eb rast t\u00eb nj\u00eb p\u00ebrgjigje pozitive nga CAS-i. D\u00ebshira e vet lojtarit \u00ebsht\u00eb t\u00eb provoj\u00eb nj\u00eb aventur\u00eb t\u00eb re jasht\u00eb Shqip\u00ebris\u00eb, por deri m\u00eb tani nuk ka ende oferta konkrete.<\/p>\n<p>Ndeshjet e Europa League do t\u00eb jen\u00eb nj\u00eb kartolin\u00eb e mir\u00eb p\u00ebr lojtarin pasi shum\u00eb menaxher\u00eb mbajn\u00eb sh\u00ebnime n\u00eb t\u00eb tilla takime p\u00ebr t\u00eb zbuluar talente apo lojtar\u00eb t\u00eb nevojsh\u00ebm p\u00ebr skuadrat e tyre. Selmani do t\u00eb luaj\u00eb ndeshjet ndaj Hapoel Beersheva dhe m\u00eb pas do t\u00eb vendos p\u00ebr t\u00eb ardhmen e tij.<\/p>\n<p>&nbsp;<\/p>\n","protected":false},"excerpt":{"rendered":"<p>Gentian Selmani ka l\u00ebn\u00eb pas pushimet dhe dit\u00ebn e sotme \u00ebsht\u00eb bashkuar me skuadr\u00ebn p\u00ebr t\u00eb nisur p\u00ebrgatitje p\u00ebr Kupat e Europ\u00ebs. Gardiani i Komb\u00ebtares shqiptare flitet se mund t\u00eb bashkohet me Tiran\u00ebn, por edhe Sk\u00ebnderbeun n\u00eb rast t\u00eb nj\u00eb p\u00ebrgjigje pozitive nga CAS-i. D\u00ebshira e vet lojtarit \u00ebsht\u00eb t\u00eb provoj\u00eb nj\u00eb aventur\u00eb t\u00eb re [&hellip;]<\/p>\n","protected":false},"author":2013,"featured_media":91800,"comment_status":"open","ping_status":"closed","sticky":false,"template":"","format":"standard","meta":{"footnotes":""},"categories":[241,192],"tags":[],"class_list":{"0":"post-91799","1":"post","2":"type-post","3":"status-publish","4":"format-standard","5":"has-post-thumbnail","7":"category-aktualitet","8":"category-sport"},"_links":{"self":[{"href":"https:\/\/zjarr.tv\/sq\/wp-json\/wp\/v2\/posts\/91799","targetHints":{"allow":["GET"]}}],"collection":[{"href":"https:\/\/zjarr.tv\/sq\/wp-json\/wp\/v2\/posts"}],"about":[{"href":"https:\/\/zjarr.tv\/sq\/wp-json\/wp\/v2\/types\/post"}],"author":[{"embeddable":true,"href":"https:\/\/zjarr.tv\/sq\/wp-json\/wp\/v2\/users\/2013"}],"replies":[{"embeddable":true,"href":"https:\/\/zjarr.tv\/sq\/wp-json\/wp\/v2\/comments?post=91799"}],"version-history":[{"count":0,"href":"https:\/\/zjarr.tv\/sq\/wp-json\/wp\/v2\/posts\/91799\/revisions"}],"wp:featuredmedia":[{"embeddable":true,"href":"https:\/\/zjarr.tv\/sq\/wp-json\/wp\/v2\/media\/91800"}],"wp:attachment":[{"href":"https:\/\/zjarr.tv\/sq\/wp-json\/wp\/v2\/media?parent=91799"}],"wp:term":[{"taxonomy":"category","embeddable":true,"href":"https:\/\/zjarr.tv\/sq\/wp-json\/wp\/v2\/categories?post=91799"},{"taxonomy":"post_tag","embeddable":true,"href":"https:\/\/zjarr.tv\/sq\/wp-json\/wp\/v2\/tags?post=91799"}],"curies":[{"name":"wp","href":"https:\/\/api.w.org\/{rel}","templated":true}]}}