{"id":91802,"date":"2019-06-22T16:15:38","date_gmt":"2019-06-22T14:15:38","guid":{"rendered":"https:\/\/zjarr.tv\/?p=91802"},"modified":"2019-06-22T16:15:38","modified_gmt":"2019-06-22T14:15:38","slug":"isa-sakja-mesazh-te-forte-per-nenat-kavajase","status":"publish","type":"post","link":"https:\/\/zjarr.tv\/sq\/isa-sakja-mesazh-te-forte-per-nenat-kavajase\/","title":{"rendered":"Isa Sakja mesazh t\u00eb fort\u00eb p\u00ebr n\u00ebnat kavajase"},"content":{"rendered":"<p>Kreu i bashkis\u00eb s\u00eb Kavaj\u00ebs, Isa Sakja duke komentuar zhvillimet e fundit n\u00eb qytetin e tij, p\u00ebrfshir\u00eb edhe p\u00ebrplasjet mes Policis\u00eb dhe mb\u00ebshtet\u00ebsve t\u00eb PD-s\u00eb, ka zgjedhur t\u00eb fal\u00ebnderoj\u00eb t\u00eb gjitha grat\u00eb dhe n\u00ebnat e k\u00ebtij qyteti p\u00ebr kontributin q\u00eb ato kan\u00eb dh\u00ebn\u00eb n\u00eb mbrojtje t\u00eb shoq\u00ebris\u00eb.<\/p>\n<p>Me nj\u00eb sh\u00ebnim n\u00eb \u201cFacebook\u201d, Sakja shkruan se n\u00ebnat e Kavaj\u00ebs jan\u00eb heroina, pasi mbrojn\u00eb dinjitetin dhe nuk lejojn\u00eb q\u00eb vendi t\u00eb rr\u00ebshkas\u00eb drejt diktatur\u00ebs.<\/p>\n<p>\u201cNderim per cdo nene, grua, zonje Kavajase qe na mbeshtet ne cdo rrethane, edhe nder te egrat si keto.Per ato te guximshmet qe jane perkrah nesh, per ato te guximshmet qe hapen dyert, e i shndrruan shtepite ne spitale duke ofruar gjithcka per te kaluar situata te renda fizike shkaktuar nga helmimi me LHL, per ato te guximshmet qe mbushin qiellin e Kavajes me lutje per bijte e bijat qe perballen per dinjitetin e nje shoqerie qe nuk e duan ta shohin te rreshkase ne diktature!Ju puth duart e ju them: ju jeni heroinat tona!Ju kam n\u2019\ud83d\udc99!\u201dshkruan, Isa Sakja, kreu i bashkis\u00eb n\u00eb Kavaj\u00eb.<\/p>\n<p>&nbsp;<\/p>\n","protected":false},"excerpt":{"rendered":"<p>Kreu i bashkis\u00eb s\u00eb Kavaj\u00ebs, Isa Sakja duke komentuar zhvillimet e fundit n\u00eb qytetin e tij, p\u00ebrfshir\u00eb edhe p\u00ebrplasjet mes Policis\u00eb dhe mb\u00ebshtet\u00ebsve t\u00eb PD-s\u00eb, ka zgjedhur t\u00eb fal\u00ebnderoj\u00eb t\u00eb gjitha grat\u00eb dhe n\u00ebnat e k\u00ebtij qyteti p\u00ebr kontributin q\u00eb ato kan\u00eb dh\u00ebn\u00eb n\u00eb mbrojtje t\u00eb shoq\u00ebris\u00eb. Me nj\u00eb sh\u00ebnim n\u00eb \u201cFacebook\u201d, Sakja shkruan se [&hellip;]<\/p>\n","protected":false},"author":2013,"featured_media":91803,"comment_status":"open","ping_status":"closed","sticky":false,"template":"","format":"standard","meta":{"footnotes":""},"categories":[241,235],"tags":[],"class_list":{"0":"post-91802","1":"post","2":"type-post","3":"status-publish","4":"format-standard","5":"has-post-thumbnail","7":"category-aktualitet","8":"category-vendi"},"_links":{"self":[{"href":"https:\/\/zjarr.tv\/sq\/wp-json\/wp\/v2\/posts\/91802","targetHints":{"allow":["GET"]}}],"collection":[{"href":"https:\/\/zjarr.tv\/sq\/wp-json\/wp\/v2\/posts"}],"about":[{"href":"https:\/\/zjarr.tv\/sq\/wp-json\/wp\/v2\/types\/post"}],"author":[{"embeddable":true,"href":"https:\/\/zjarr.tv\/sq\/wp-json\/wp\/v2\/users\/2013"}],"replies":[{"embeddable":true,"href":"https:\/\/zjarr.tv\/sq\/wp-json\/wp\/v2\/comments?post=91802"}],"version-history":[{"count":0,"href":"https:\/\/zjarr.tv\/sq\/wp-json\/wp\/v2\/posts\/91802\/revisions"}],"wp:featuredmedia":[{"embeddable":true,"href":"https:\/\/zjarr.tv\/sq\/wp-json\/wp\/v2\/media\/91803"}],"wp:attachment":[{"href":"https:\/\/zjarr.tv\/sq\/wp-json\/wp\/v2\/media?parent=91802"}],"wp:term":[{"taxonomy":"category","embeddable":true,"href":"https:\/\/zjarr.tv\/sq\/wp-json\/wp\/v2\/categories?post=91802"},{"taxonomy":"post_tag","embeddable":true,"href":"https:\/\/zjarr.tv\/sq\/wp-json\/wp\/v2\/tags?post=91802"}],"curies":[{"name":"wp","href":"https:\/\/api.w.org\/{rel}","templated":true}]}}