{"id":91805,"date":"2019-06-22T16:30:39","date_gmt":"2019-06-22T14:30:39","guid":{"rendered":"https:\/\/zjarr.tv\/?p=91805"},"modified":"2019-06-22T16:30:39","modified_gmt":"2019-06-22T14:30:39","slug":"anullimi-i-30-qershorit-presidenca-leter-kuvendit","status":"publish","type":"post","link":"https:\/\/zjarr.tv\/sq\/anullimi-i-30-qershorit-presidenca-leter-kuvendit\/","title":{"rendered":"Anullimi i 30 Qershorit\/ Presidenca let\u00ebr Kuvendit:"},"content":{"rendered":"<p>Presidenti i Republik\u00ebs Ilir Meta i kthen p\u00ebrgjigje kreut t\u00eb komisionit t\u00eb ligjeve, Ulsi Manja.<\/p>\n<p>N\u00eb letr\u00ebn n\u00eb fjal\u00eb, presidenti shprehet se anullimi i zgjedhjeve m\u00eb 30 qershor \u00ebsht\u00eb b\u00ebr\u00eb n\u00eb p\u00ebrputhje me Kushtetut\u00ebn dhe se, tani ka fuqi ligjzbatuese pas botimit n\u00eb Fletoren Zyrtare. Gjithashtu, n\u00eb let\u00ebr theksohet se ai \u00ebsht\u00eb i detyruesh\u00ebm p\u00ebr tu zbatuar nga t\u00eb gjith\u00eb, p\u00ebrfshir\u00eb k\u00ebtu edhe Kuvendin.<\/p>\n<p>Sipas kreut t\u00eb shtetit,Procesi nga KQZ i rrem\u00eb dhe i verb\u00ebr.<\/p>\n<p>&nbsp;<\/p>\n","protected":false},"excerpt":{"rendered":"<p>Presidenti i Republik\u00ebs Ilir Meta i kthen p\u00ebrgjigje kreut t\u00eb komisionit t\u00eb ligjeve, Ulsi Manja. N\u00eb letr\u00ebn n\u00eb fjal\u00eb, presidenti shprehet se anullimi i zgjedhjeve m\u00eb 30 qershor \u00ebsht\u00eb b\u00ebr\u00eb n\u00eb p\u00ebrputhje me Kushtetut\u00ebn dhe se, tani ka fuqi ligjzbatuese pas botimit n\u00eb Fletoren Zyrtare. Gjithashtu, n\u00eb let\u00ebr theksohet se ai \u00ebsht\u00eb i detyruesh\u00ebm p\u00ebr [&hellip;]<\/p>\n","protected":false},"author":2013,"featured_media":91806,"comment_status":"open","ping_status":"closed","sticky":false,"template":"","format":"standard","meta":{"footnotes":""},"categories":[241,235],"tags":[],"class_list":{"0":"post-91805","1":"post","2":"type-post","3":"status-publish","4":"format-standard","5":"has-post-thumbnail","7":"category-aktualitet","8":"category-vendi"},"_links":{"self":[{"href":"https:\/\/zjarr.tv\/sq\/wp-json\/wp\/v2\/posts\/91805","targetHints":{"allow":["GET"]}}],"collection":[{"href":"https:\/\/zjarr.tv\/sq\/wp-json\/wp\/v2\/posts"}],"about":[{"href":"https:\/\/zjarr.tv\/sq\/wp-json\/wp\/v2\/types\/post"}],"author":[{"embeddable":true,"href":"https:\/\/zjarr.tv\/sq\/wp-json\/wp\/v2\/users\/2013"}],"replies":[{"embeddable":true,"href":"https:\/\/zjarr.tv\/sq\/wp-json\/wp\/v2\/comments?post=91805"}],"version-history":[{"count":0,"href":"https:\/\/zjarr.tv\/sq\/wp-json\/wp\/v2\/posts\/91805\/revisions"}],"wp:featuredmedia":[{"embeddable":true,"href":"https:\/\/zjarr.tv\/sq\/wp-json\/wp\/v2\/media\/91806"}],"wp:attachment":[{"href":"https:\/\/zjarr.tv\/sq\/wp-json\/wp\/v2\/media?parent=91805"}],"wp:term":[{"taxonomy":"category","embeddable":true,"href":"https:\/\/zjarr.tv\/sq\/wp-json\/wp\/v2\/categories?post=91805"},{"taxonomy":"post_tag","embeddable":true,"href":"https:\/\/zjarr.tv\/sq\/wp-json\/wp\/v2\/tags?post=91805"}],"curies":[{"name":"wp","href":"https:\/\/api.w.org\/{rel}","templated":true}]}}