{"id":91905,"date":"2019-06-22T18:02:19","date_gmt":"2019-06-22T16:02:19","guid":{"rendered":"https:\/\/zjarr.tv\/?p=91905"},"modified":"2019-06-22T18:02:19","modified_gmt":"2019-06-22T16:02:19","slug":"boci-risia-administrata-te-sjelle-nga-30-vete-ne-kutite-e-votimit","status":"publish","type":"post","link":"https:\/\/zjarr.tv\/sq\/boci-risia-administrata-te-sjelle-nga-30-vete-ne-kutite-e-votimit\/","title":{"rendered":"Bo\u00e7i: Risia, administrata t\u00eb sjell\u00eb nga 30 vet\u00eb n\u00eb kutit\u00eb e votimit"},"content":{"rendered":"<p>P\u00ebrmes nj\u00eb postimi n\u00eb facebook, ish deputeti i PD, Luciano Boci denoncon se Rama ka urdh\u00ebruar q\u00eb t\u00eb gjith\u00eb ata q\u00eb punojn\u00eb n\u00eb administrat\u00eb qendrore apo lokale, duhet t\u00eb sjellin gjithsecili 30 veta n\u00eb kutin\u00eb e votimit.<br \/>\n\u201cPasi privatizoi zgjedhjet me vendimin e KQZ-s\u00eb partis\u00eb, Rama ka shpikur nj\u00eb tjet\u00ebr risi, p\u00ebr t\u00eb shkuar si \u201cdhi e zgjebosur, por me bishtin p\u00ebrpjet\u00eb\u201d n\u00eb 30 Qershor-in imagjinar t\u00eb tij.<br \/>\nKa urdh\u00ebruar q\u00eb t\u00eb gjith\u00eb ata q\u00eb punojn\u00eb n\u00eb administrat\u00eb qendrore apo lokale, duhet t\u00eb sjellin gjithsecili 30 veta n\u00eb kutin\u00eb e votimit. Kush nuk realizon planin shkarkohet nga puna.<br \/>\nN\u00eb vend q\u00eb t\u00eb vinin mend nga p\u00ebrgjimet e \u201cBild\u201d, Rama&amp;banda, kan\u00eb shkalluar fare.<br \/>\nPor nj\u00eb porosi kam, p\u00ebr k\u00ebdo q\u00eb ka marr\u00eb p\u00ebrsip\u00ebr t\u00eb realizoj\u00eb k\u00ebt\u00eb k\u00ebrkes\u00eb absurde, p\u00ebr t\u00eb ruajtur \u201cbuk\u00ebn e f\u00ebmij\u00ebve\u201d: Mos u p\u00ebrfshini n\u00eb krimin elektoral t\u00eb Ram\u00ebs! Rrini t\u00eb qet\u00eb. Zgjedhje n\u00eb 30 qershor nuk ka! \u201c shkruan Boci n\u00eb facebook<\/p>\n","protected":false},"excerpt":{"rendered":"<p>P\u00ebrmes nj\u00eb postimi n\u00eb facebook, ish deputeti i PD, Luciano Boci denoncon se Rama ka urdh\u00ebruar q\u00eb t\u00eb gjith\u00eb ata q\u00eb punojn\u00eb n\u00eb administrat\u00eb qendrore apo lokale, duhet t\u00eb sjellin gjithsecili 30 veta n\u00eb kutin\u00eb e votimit. \u201cPasi privatizoi zgjedhjet me vendimin e KQZ-s\u00eb partis\u00eb, Rama ka shpikur nj\u00eb tjet\u00ebr risi, p\u00ebr t\u00eb shkuar si [&hellip;]<\/p>\n","protected":false},"author":2013,"featured_media":0,"comment_status":"open","ping_status":"closed","sticky":false,"template":"","format":"standard","meta":{"footnotes":""},"categories":[241,235],"tags":[],"class_list":{"0":"post-91905","1":"post","2":"type-post","3":"status-publish","4":"format-standard","6":"category-aktualitet","7":"category-vendi"},"_links":{"self":[{"href":"https:\/\/zjarr.tv\/sq\/wp-json\/wp\/v2\/posts\/91905","targetHints":{"allow":["GET"]}}],"collection":[{"href":"https:\/\/zjarr.tv\/sq\/wp-json\/wp\/v2\/posts"}],"about":[{"href":"https:\/\/zjarr.tv\/sq\/wp-json\/wp\/v2\/types\/post"}],"author":[{"embeddable":true,"href":"https:\/\/zjarr.tv\/sq\/wp-json\/wp\/v2\/users\/2013"}],"replies":[{"embeddable":true,"href":"https:\/\/zjarr.tv\/sq\/wp-json\/wp\/v2\/comments?post=91905"}],"version-history":[{"count":0,"href":"https:\/\/zjarr.tv\/sq\/wp-json\/wp\/v2\/posts\/91905\/revisions"}],"wp:attachment":[{"href":"https:\/\/zjarr.tv\/sq\/wp-json\/wp\/v2\/media?parent=91905"}],"wp:term":[{"taxonomy":"category","embeddable":true,"href":"https:\/\/zjarr.tv\/sq\/wp-json\/wp\/v2\/categories?post=91905"},{"taxonomy":"post_tag","embeddable":true,"href":"https:\/\/zjarr.tv\/sq\/wp-json\/wp\/v2\/tags?post=91905"}],"curies":[{"name":"wp","href":"https:\/\/api.w.org\/{rel}","templated":true}]}}