{"id":92431,"date":"2019-06-26T15:35:11","date_gmt":"2019-06-26T13:35:11","guid":{"rendered":"https:\/\/zjarr.tv\/?p=92431"},"modified":"2019-06-26T15:35:11","modified_gmt":"2019-06-26T13:35:11","slug":"akuzohet-se-helmoi-vjehrren-zbardhet-deshmia-e-nuses-ne-gjykate","status":"publish","type":"post","link":"https:\/\/zjarr.tv\/sq\/akuzohet-se-helmoi-vjehrren-zbardhet-deshmia-e-nuses-ne-gjykate\/","title":{"rendered":"Akuzohet se helmoi vjehrr\u00ebn, zbardhet d\u00ebshmia e nuses n\u00eb gjykat\u00eb"},"content":{"rendered":"<p>Marjana \u00c7meta ka dal\u00eb para Gjykat\u00ebs p\u00ebr Krime t\u00eb R\u00ebnda p\u00ebr t\u00eb dh\u00ebn\u00eb d\u00ebshmin\u00eb n\u00eb lidhje me akuzat ndaj saj se helmoi vjehrr\u00ebn me fotoksin\u00eb.<\/p>\n<p>Nusja rr\u00ebfeu ngjarjen para gjykat\u00ebs duke th\u00ebn\u00eb se Lirie Lami pas nj\u00eb debati e kishte q\u00eblluar.<\/p>\n<p>Por mohoi akuzat se e kishte helmuar ajo.<\/p>\n<p><strong>Marjana \u00c7meta:\u00a0<\/strong><em>&#8220;At\u00eb dite shkova n\u00eb sht\u00ebpi, sepse isha tek familja ime. Rregullova Oltionin p\u00ebr n\u00eb pun\u00eb, e shoq\u00ebrova deri tek autobusi dhe u ktheva t\u00eb b\u00ebja pun\u00ebt e sht\u00ebpis\u00eb. Pak m\u00eb von\u00eb n\u00eb sht\u00ebpi erdhi Liria, e cila solli qum\u00ebsht dhe do mbillte ca fidan. Kur u fut n\u00eb sht\u00ebpi m\u00eb tha se ishte e shqet\u00ebsuar p\u00ebr sjelljen e vajz\u00ebs s\u00eb saj, pasi ishte larguar e inatosur.<\/em><\/p>\n<p><em>Me tha q\u00eb s&#8217;di \u00e7far\u00eb t&#8217;iu b\u00ebj m\u00eb, ju kam \u00e7uar n\u00eb hoxhe dhe prape nj\u00ebsoj. Un\u00eb i thash q\u00eb nuk \u00ebsht\u00eb zgjidhje hoxha. Me tha se nuk ia \u00e7on me q\u00ebllim t\u00eb keq. Donte t\u00eb shkonte t\u00eb takonte nj\u00eb t\u00eb af\u00ebrme p\u00ebr k\u00ebto diskutime. Un\u00eb nuk e lejova dhe i mbylla der\u00ebn me \u00e7el\u00ebs. Aty u konfrontuam pak dhe ajo me q\u00eblloi. Isha 5 muajshe shtatz\u00ebn\u00eb dhe ndjeva dhimbje. I thash q\u00eb n\u00ebse e humbja f\u00ebmij\u00ebn do ishte faji i saj. Me pas jemi ndar\u00eb dhe un\u00eb ndenja tek dhoma ime. Kur dola ajo ishte shtrir\u00eb pas krevatit. Njoftova t\u00eb af\u00ebrmit dhe e d\u00ebrguam n\u00eb spital.&#8221;<\/em><\/p>\n<p>&nbsp;<\/p>\n","protected":false},"excerpt":{"rendered":"<p>Marjana \u00c7meta ka dal\u00eb para Gjykat\u00ebs p\u00ebr Krime t\u00eb R\u00ebnda p\u00ebr t\u00eb dh\u00ebn\u00eb d\u00ebshmin\u00eb n\u00eb lidhje me akuzat ndaj saj se helmoi vjehrr\u00ebn me fotoksin\u00eb. Nusja rr\u00ebfeu ngjarjen para gjykat\u00ebs duke th\u00ebn\u00eb se Lirie Lami pas nj\u00eb debati e kishte q\u00eblluar. Por mohoi akuzat se e kishte helmuar ajo. Marjana \u00c7meta:\u00a0&#8220;At\u00eb dite shkova n\u00eb sht\u00ebpi, [&hellip;]<\/p>\n","protected":false},"author":2013,"featured_media":92459,"comment_status":"open","ping_status":"closed","sticky":false,"template":"","format":"standard","meta":{"footnotes":""},"categories":[241,235],"tags":[],"class_list":{"0":"post-92431","1":"post","2":"type-post","3":"status-publish","4":"format-standard","5":"has-post-thumbnail","7":"category-aktualitet","8":"category-vendi"},"_links":{"self":[{"href":"https:\/\/zjarr.tv\/sq\/wp-json\/wp\/v2\/posts\/92431","targetHints":{"allow":["GET"]}}],"collection":[{"href":"https:\/\/zjarr.tv\/sq\/wp-json\/wp\/v2\/posts"}],"about":[{"href":"https:\/\/zjarr.tv\/sq\/wp-json\/wp\/v2\/types\/post"}],"author":[{"embeddable":true,"href":"https:\/\/zjarr.tv\/sq\/wp-json\/wp\/v2\/users\/2013"}],"replies":[{"embeddable":true,"href":"https:\/\/zjarr.tv\/sq\/wp-json\/wp\/v2\/comments?post=92431"}],"version-history":[{"count":0,"href":"https:\/\/zjarr.tv\/sq\/wp-json\/wp\/v2\/posts\/92431\/revisions"}],"wp:featuredmedia":[{"embeddable":true,"href":"https:\/\/zjarr.tv\/sq\/wp-json\/wp\/v2\/media\/92459"}],"wp:attachment":[{"href":"https:\/\/zjarr.tv\/sq\/wp-json\/wp\/v2\/media?parent=92431"}],"wp:term":[{"taxonomy":"category","embeddable":true,"href":"https:\/\/zjarr.tv\/sq\/wp-json\/wp\/v2\/categories?post=92431"},{"taxonomy":"post_tag","embeddable":true,"href":"https:\/\/zjarr.tv\/sq\/wp-json\/wp\/v2\/tags?post=92431"}],"curies":[{"name":"wp","href":"https:\/\/api.w.org\/{rel}","templated":true}]}}