{"id":92463,"date":"2019-06-26T15:48:17","date_gmt":"2019-06-26T13:48:17","guid":{"rendered":"https:\/\/zjarr.tv\/?p=92463"},"modified":"2019-06-26T15:48:17","modified_gmt":"2019-06-26T13:48:17","slug":"edheune-nismes-i-bashkohen-me-dhjetra-nora-malaj-fundi-i-kesaj-klike-dhe-ketij-sekti-eshte-ceshtje-oresh","status":"publish","type":"post","link":"https:\/\/zjarr.tv\/sq\/edheune-nismes-i-bashkohen-me-dhjetra-nora-malaj-fundi-i-kesaj-klike-dhe-ketij-sekti-eshte-ceshtje-oresh\/","title":{"rendered":"\u2018Edheun\u00eb\u2019 nism\u00ebs i bashkohen me dhjetra, Nora Malaj: Fundi i k\u00ebsaj klike dhe k\u00ebtij sekti \u00ebsht\u00eb \u00e7\u00ebshtje or\u00ebsh"},"content":{"rendered":"<p>T\u00eb shumt\u00eb jan\u00eb intelektual\u00ebt t\u00eb cilet po i bashkohen nismes #edheun\u00eb, t\u00eb cil\u00ebt shprehen kund\u00ebr zgjedhjeve fars\u00eb t\u00eb 30 qershorit dhe zgjedhjeve t\u00eb jasht\u00ebligjshme.<\/p>\n<p>Nisma e nd\u00ebrmarr\u00eb nga p\u00ebrfaq\u00ebsues t\u00eb artit, kultur\u00ebs, muzik\u00ebs, gazetaris\u00eb etj, \u201c#Edheun\u00eb\u201d q\u00eb n\u00ebnkupton vendimin p\u00ebr t\u00eb mos votuar me 30 Qershor ka marr\u00eb nj\u00eb p\u00ebrkrahje t\u00eb gjer\u00eb.<\/p>\n<p>Numri i tyre po rritet \u00e7do or\u00eb dhe reagimi i tyre po b\u00ebhet publik jo vet\u00ebm n\u00eb rrjetet sociale por edhe n\u00eb studiot televizive.<\/p>\n<p>Se fundmi k\u00ebsaj nisme i \u00ebsht\u00eb bashkuar edhe ish deputetja Nora Malaj.<\/p>\n<p>Ja postimi i saj i plot\u00eb:<\/p>\n<p>Vendimi i K\u00ebshillit i Europ\u00ebs dhe bojkoti masiv\u00eb i fars\u00ebs s\u00eb pseudozgjedheje !<\/p>\n<p>Sinjalin e par\u00eb e dha K\u00ebshilli i Europ\u00ebs.Ata vendosen t\u00eb t\u00ebrhiqen p\u00ebr t\u00eb mos njohur fars\u00ebn e radh\u00ebs dhe p\u00ebr t\u2019u distancuar nga kjo marr\u00ebzi e pad\u00ebgjuar ndonj\u00ebher\u00eb , pas 29 vjeteve demokraci .<\/p>\n<p>Shoq\u00ebria civile dhe intelektual\u00ebt tashm\u00eb po mb\u00ebshtesin iniciativ\u00ebn :<br \/>\n#Edhe\u00a0un\u00eb#<\/p>\n<p>kundra zgjedhjeve moniste , e cila po p\u00ebrkrahet nga mij\u00ebra veta , p\u00ebr t\u00eb bojkotuar masivisht fars\u00ebn e k\u00ebsaj drame t\u00eb sh\u00ebmtuar.<br \/>\n\u201cNj\u00eb popull q\u00eb zgjedh n\u00eb krye t\u00eb vendit njer\u00ebz t\u00eb korruptuar, hajdut\u00eb, maskarenj\u00eb e tradhtar\u00eb, nuk \u00ebsht\u00eb viktim\u00eb, por bashk\u00ebpuntor i tyre\u201d &#8211; ka th\u00ebn\u00eb George Or\u00ebell.<\/p>\n<p>K?to jan\u00eb or\u00ebt e reflektimit , p\u00ebr t\u00eb kuptuar q\u00eb fundi i k\u00ebsaj klike dhe k\u00ebtij sekti \u00ebsht\u00eb \u00e7\u00ebshtje or\u00ebsh.<\/p>\n<p>Secili ka t\u00eb drejt\u00ebn t\u00eb rreshtohet : ose n\u00eb an\u00eb e atyre q\u00eb nuk pranojn\u00eb fars\u00ebn e k\u00ebtyre votimeve dhe i thon\u00eb Po &#8211; bojkotit dhe Jo &#8211; Zgjedhjeve te Partis\u00eb Socialiste , q\u00eb tashm\u00eb po instalon monizmin dhe shtetin e diktatur\u00ebs ,ose n\u00eb krahun e atyre q\u00eb nuk i dhimbset as vendi dhe jan\u00eb gati t\u00eb behen pjes\u00eb e k\u00ebsaj farse.Kjo \u00ebsht\u00eb zgjidhje q\u00eb kushdo e ka n? dor\u00ebn e tij , p\u00ebr ta vendosur veten n\u00eb ata q\u00eb u p\u00ebrdor\u00ebn ose n\u00eb at\u00eb q\u00eb guxuan p\u00ebr t\u00eb mir\u00ebn e vetes , familjes se tyre, f\u00ebmij\u00ebve t\u00eb tyre dhe q\u00eb ky komb t\u00eb mos shuhet.<\/p>\n<p>\u201cNjer\u00ebzit p\u00ebrballen m\u00eb shum\u00eb sfida n\u00eb jet\u00eb, por m\u00eb e v\u00ebshtira \u00ebsht\u00eb si t\u00eb mbeten njer\u00ebz\u201d- ka dh\u00ebn\u00eb Mark Tueni.<\/p>\n<p>&nbsp;<\/p>\n","protected":false},"excerpt":{"rendered":"<p>T\u00eb shumt\u00eb jan\u00eb intelektual\u00ebt t\u00eb cilet po i bashkohen nismes #edheun\u00eb, t\u00eb cil\u00ebt shprehen kund\u00ebr zgjedhjeve fars\u00eb t\u00eb 30 qershorit dhe zgjedhjeve t\u00eb jasht\u00ebligjshme. Nisma e nd\u00ebrmarr\u00eb nga p\u00ebrfaq\u00ebsues t\u00eb artit, kultur\u00ebs, muzik\u00ebs, gazetaris\u00eb etj, \u201c#Edheun\u00eb\u201d q\u00eb n\u00ebnkupton vendimin p\u00ebr t\u00eb mos votuar me 30 Qershor ka marr\u00eb nj\u00eb p\u00ebrkrahje t\u00eb gjer\u00eb. Numri i tyre [&hellip;]<\/p>\n","protected":false},"author":2013,"featured_media":0,"comment_status":"open","ping_status":"closed","sticky":false,"template":"","format":"standard","meta":{"footnotes":""},"categories":[241,235],"tags":[],"class_list":{"0":"post-92463","1":"post","2":"type-post","3":"status-publish","4":"format-standard","6":"category-aktualitet","7":"category-vendi"},"_links":{"self":[{"href":"https:\/\/zjarr.tv\/sq\/wp-json\/wp\/v2\/posts\/92463","targetHints":{"allow":["GET"]}}],"collection":[{"href":"https:\/\/zjarr.tv\/sq\/wp-json\/wp\/v2\/posts"}],"about":[{"href":"https:\/\/zjarr.tv\/sq\/wp-json\/wp\/v2\/types\/post"}],"author":[{"embeddable":true,"href":"https:\/\/zjarr.tv\/sq\/wp-json\/wp\/v2\/users\/2013"}],"replies":[{"embeddable":true,"href":"https:\/\/zjarr.tv\/sq\/wp-json\/wp\/v2\/comments?post=92463"}],"version-history":[{"count":0,"href":"https:\/\/zjarr.tv\/sq\/wp-json\/wp\/v2\/posts\/92463\/revisions"}],"wp:attachment":[{"href":"https:\/\/zjarr.tv\/sq\/wp-json\/wp\/v2\/media?parent=92463"}],"wp:term":[{"taxonomy":"category","embeddable":true,"href":"https:\/\/zjarr.tv\/sq\/wp-json\/wp\/v2\/categories?post=92463"},{"taxonomy":"post_tag","embeddable":true,"href":"https:\/\/zjarr.tv\/sq\/wp-json\/wp\/v2\/tags?post=92463"}],"curies":[{"name":"wp","href":"https:\/\/api.w.org\/{rel}","templated":true}]}}