{"id":92485,"date":"2019-06-26T15:59:57","date_gmt":"2019-06-26T13:59:57","guid":{"rendered":"https:\/\/zjarr.tv\/?p=92485"},"modified":"2019-06-26T15:59:57","modified_gmt":"2019-06-26T13:59:57","slug":"theu-masen-e-sigurise-kapet-30-vjecari-ne-peqin","status":"publish","type":"post","link":"https:\/\/zjarr.tv\/sq\/theu-masen-e-sigurise-kapet-30-vjecari-ne-peqin\/","title":{"rendered":"Theu mas\u00ebn e siguris\u00eb, kapet 30-vje\u00e7ari n\u00eb Peqin"},"content":{"rendered":"<p>Nj\u00eb 30-vje\u00e7ar \u00ebsht\u00eb arrestuar n\u00eb flagranc\u00eb n\u00eb qytetin e Peqinit. Gjykata ndaj tij kishte caktuar mas\u00ebn e siguris\u00eb \u00a0arrest sht\u00ebpie, por shtetasi me iniciale B.H kishte thyer mas\u00ebn duke u larguar nga banesa. Menj\u00ebher\u00eb policia ka v\u00ebn\u00eb n\u00eb pranga t\u00eb riun, nd\u00ebrsa ndaj tij r\u00ebndonte akuza e vjedhjes.<\/p>\n<p><strong>Njoftimi i policis\u00eb:<\/strong><\/p>\n<p>\u201cThyen mas\u00ebn e siguris\u00eb arrestohet\u00a0 n\u00eb flagranc\u00eb 30-vje\u00e7ari. Specialist\u00ebt p\u00ebr Hetimin e Krimit n\u00eb Komisariatin e Policis\u00eb Peqin, arrestuan n\u00eb flagranc\u00eb shtetasin:B.H., 30 vje\u00e7, banues n\u00eb Peqin, pasi Gjykata e Rrethit Gjyq\u00ebsor Elbasan, p\u00ebr k\u00ebt\u00eb shtetas kishte vendosur mas\u00ebn e siguris\u00eb \u201cArrest n\u00eb sht\u00ebpi\u201d, si i dyshuari\u00a0 i vjedhjes s\u00eb banes\u00ebs s\u00eb shtetasit S.Z., ndodhur m\u00eb dat\u00eb 08.05.2019 n\u00eb Peqin.<\/p>\n<p>Sh\u00ebrbimet e Policis\u00eb kan\u00eb marr\u00eb informacion se 30 vje\u00e7ari nuk zbatonte vendimin e Gjykat\u00ebs dhe kan\u00eb ushtruar kontroll\u00a0 p\u00ebr verifikim e mas\u00eb s\u00eb siguris\u00eb por nuk e kan\u00eb gjetur\u00a0 n\u00eb banes\u00eb. Policia pas kontrolleve t\u00eb shumta ka gjetur\u00a0 dhe arrestuar\u00a0 n\u00eb qytetin e Peqinit shtetasin B.H, i cili ishte n\u00eb l\u00ebvizje. Materialet hetimore i kaluan Prokuroris\u00eb pran\u00eb Gjykat\u00ebs s\u00eb Shkall\u00ebs Par\u00eb Elbasan, p\u0113r vepr\u00ebn penale \u201cLargimi i t\u00eb burgosurit nga vendi i q\u00ebndrimit\u201d-njofton policia.<\/p>\n<p>&nbsp;<\/p>\n","protected":false},"excerpt":{"rendered":"<p>Nj\u00eb 30-vje\u00e7ar \u00ebsht\u00eb arrestuar n\u00eb flagranc\u00eb n\u00eb qytetin e Peqinit. Gjykata ndaj tij kishte caktuar mas\u00ebn e siguris\u00eb \u00a0arrest sht\u00ebpie, por shtetasi me iniciale B.H kishte thyer mas\u00ebn duke u larguar nga banesa. Menj\u00ebher\u00eb policia ka v\u00ebn\u00eb n\u00eb pranga t\u00eb riun, nd\u00ebrsa ndaj tij r\u00ebndonte akuza e vjedhjes. Njoftimi i policis\u00eb: \u201cThyen mas\u00ebn e siguris\u00eb [&hellip;]<\/p>\n","protected":false},"author":2013,"featured_media":55791,"comment_status":"open","ping_status":"closed","sticky":false,"template":"","format":"standard","meta":{"footnotes":""},"categories":[241,235],"tags":[],"class_list":{"0":"post-92485","1":"post","2":"type-post","3":"status-publish","4":"format-standard","5":"has-post-thumbnail","7":"category-aktualitet","8":"category-vendi"},"_links":{"self":[{"href":"https:\/\/zjarr.tv\/sq\/wp-json\/wp\/v2\/posts\/92485","targetHints":{"allow":["GET"]}}],"collection":[{"href":"https:\/\/zjarr.tv\/sq\/wp-json\/wp\/v2\/posts"}],"about":[{"href":"https:\/\/zjarr.tv\/sq\/wp-json\/wp\/v2\/types\/post"}],"author":[{"embeddable":true,"href":"https:\/\/zjarr.tv\/sq\/wp-json\/wp\/v2\/users\/2013"}],"replies":[{"embeddable":true,"href":"https:\/\/zjarr.tv\/sq\/wp-json\/wp\/v2\/comments?post=92485"}],"version-history":[{"count":0,"href":"https:\/\/zjarr.tv\/sq\/wp-json\/wp\/v2\/posts\/92485\/revisions"}],"wp:featuredmedia":[{"embeddable":true,"href":"https:\/\/zjarr.tv\/sq\/wp-json\/wp\/v2\/media\/55791"}],"wp:attachment":[{"href":"https:\/\/zjarr.tv\/sq\/wp-json\/wp\/v2\/media?parent=92485"}],"wp:term":[{"taxonomy":"category","embeddable":true,"href":"https:\/\/zjarr.tv\/sq\/wp-json\/wp\/v2\/categories?post=92485"},{"taxonomy":"post_tag","embeddable":true,"href":"https:\/\/zjarr.tv\/sq\/wp-json\/wp\/v2\/tags?post=92485"}],"curies":[{"name":"wp","href":"https:\/\/api.w.org\/{rel}","templated":true}]}}