{"id":92502,"date":"2019-06-26T16:02:47","date_gmt":"2019-06-26T14:02:47","guid":{"rendered":"https:\/\/zjarr.tv\/?p=92502"},"modified":"2019-06-26T16:02:47","modified_gmt":"2019-06-26T14:02:47","slug":"procedimi-penal-kapllanaj-nuk-kam-deklaruar-perplasje-fizike-me-me-policine-por-institucionale","status":"publish","type":"post","link":"https:\/\/zjarr.tv\/sq\/procedimi-penal-kapllanaj-nuk-kam-deklaruar-perplasje-fizike-me-me-policine-por-institucionale\/","title":{"rendered":"Procedimi penal, Kapllanaj: Nuk kam deklaruar p\u00ebrplasje fizike me me policin\u00eb, por institucionale"},"content":{"rendered":"<p>Menjeher\u00eb pas lajmit per procedim penal ndaj kryebashkiakut te Bashkise Ballsh, Mallakaster Agron Kapllanaj ka ardhur edhe reagimi i tij.<\/p>\n<p>Kryebashkiaku i Ballshit ka mohuar thirrjet per dhune b\u00ebr\u00eb n\u00eb emisionin \u201c360 Grad\u00eb\u201d, dit\u00ebn e h\u00ebn\u00eb n\u00eb RTV Ora, ndersa e ka cilesuar veprimin e policise per procedim penal nje presion te hapur dhe politik ne kundershtim me ligjin<\/p>\n<p><em>&#8220;Ky veprim i policise ka ardhur pas emiscionit ne nje media ne Tirane ku une isha i ftuar. I pyetur ne ate emsion se si do te veproni per mbrojtjen e ambjenteve ku do te vendosen qendrat e votimit , une si kryebashkiak i jam pergjigjur se do te zbatoje vetem dekretin e Presidentit te Republikes qe anullon zgjedhjet e 30 qershorit\u201d.<\/em><\/p>\n<p>M\u00eb tej Kapllanaj ka th\u00ebn\u00eb se\u00a0<em>\u201cn\u00eb p\u00ebrmbushje t\u00eb ketij detyrimi ligjor do te ndermeren edhe veprimet e mija si kryetar i bashkise per mos te lejuar shkeljen e dekretit te presidentit per zhvillimin e zgjedhjeve ne kete bashki.<\/em><\/p>\n<p><em>Une nuk kame deklaruar per perplasje fizike me strukturat e policise se shtetit por kame thene se do krijohen perplasje institucionale, pasi jemi ne kushtet qe kemi nje dekret \u00a0 te presidentit qe anulon daten e zgjedhjeve ,dhe nje vendim te parlamentit qe rrezon me nje rezolute kete dekret. Jam therritur nga policia e shtetit per te leshuar nje deklarate qe ne permbajtje jane cuditur edhe vete shefat qe ma kane dhene ka thene Kapllanaj duke u shprehur se do ti qendroje deri ne fund zbatimit te dekretit te presidentit se nuk ka zgjedhje ne 30 qershor\u201d.<\/em><\/p>\n<p>&nbsp;<\/p>\n","protected":false},"excerpt":{"rendered":"<p>Menjeher\u00eb pas lajmit per procedim penal ndaj kryebashkiakut te Bashkise Ballsh, Mallakaster Agron Kapllanaj ka ardhur edhe reagimi i tij. Kryebashkiaku i Ballshit ka mohuar thirrjet per dhune b\u00ebr\u00eb n\u00eb emisionin \u201c360 Grad\u00eb\u201d, dit\u00ebn e h\u00ebn\u00eb n\u00eb RTV Ora, ndersa e ka cilesuar veprimin e policise per procedim penal nje presion te hapur dhe politik [&hellip;]<\/p>\n","protected":false},"author":2013,"featured_media":92503,"comment_status":"open","ping_status":"closed","sticky":false,"template":"","format":"standard","meta":{"footnotes":""},"categories":[241,235],"tags":[],"class_list":{"0":"post-92502","1":"post","2":"type-post","3":"status-publish","4":"format-standard","5":"has-post-thumbnail","7":"category-aktualitet","8":"category-vendi"},"_links":{"self":[{"href":"https:\/\/zjarr.tv\/sq\/wp-json\/wp\/v2\/posts\/92502","targetHints":{"allow":["GET"]}}],"collection":[{"href":"https:\/\/zjarr.tv\/sq\/wp-json\/wp\/v2\/posts"}],"about":[{"href":"https:\/\/zjarr.tv\/sq\/wp-json\/wp\/v2\/types\/post"}],"author":[{"embeddable":true,"href":"https:\/\/zjarr.tv\/sq\/wp-json\/wp\/v2\/users\/2013"}],"replies":[{"embeddable":true,"href":"https:\/\/zjarr.tv\/sq\/wp-json\/wp\/v2\/comments?post=92502"}],"version-history":[{"count":0,"href":"https:\/\/zjarr.tv\/sq\/wp-json\/wp\/v2\/posts\/92502\/revisions"}],"wp:featuredmedia":[{"embeddable":true,"href":"https:\/\/zjarr.tv\/sq\/wp-json\/wp\/v2\/media\/92503"}],"wp:attachment":[{"href":"https:\/\/zjarr.tv\/sq\/wp-json\/wp\/v2\/media?parent=92502"}],"wp:term":[{"taxonomy":"category","embeddable":true,"href":"https:\/\/zjarr.tv\/sq\/wp-json\/wp\/v2\/categories?post=92502"},{"taxonomy":"post_tag","embeddable":true,"href":"https:\/\/zjarr.tv\/sq\/wp-json\/wp\/v2\/tags?post=92502"}],"curies":[{"name":"wp","href":"https:\/\/api.w.org\/{rel}","templated":true}]}}