{"id":92507,"date":"2019-06-26T16:13:25","date_gmt":"2019-06-26T14:13:25","guid":{"rendered":"https:\/\/zjarr.tv\/?p=92507"},"modified":"2019-06-26T16:13:25","modified_gmt":"2019-06-26T14:13:25","slug":"pd-leter-kqzte-nderpritet-votimi-i-paligjshem-ne-bashkine-diber","status":"publish","type":"post","link":"https:\/\/zjarr.tv\/sq\/pd-leter-kqzte-nderpritet-votimi-i-paligjshem-ne-bashkine-diber\/","title":{"rendered":"PD let\u00ebr KQZ:T\u00eb nd\u00ebrpritet votimi i paligjsh\u00ebm n\u00eb Bashkin\u00eb Dib\u00ebr"},"content":{"rendered":"<p>Partia Demokratike me an\u00eb t\u00eb nj\u00eb k\u00ebrkese zyrtare q\u00eb i ka nisur Komisionit Qendror t\u00eb Zgjedhjeve dhe Komisariatit t\u00eb Policis\u00eb n\u00eb Dib\u00ebr k\u00ebrkon anulimin e zgjedhjeve n\u00eb Bashkin\u00eb e Dibr\u00ebs.<\/p>\n<p>PD thot\u00eb se votimet n\u00eb k\u00ebt\u00eb bashki jan\u00eb t\u00eb paligjshme, nd\u00ebrsa shton se Gjithashtu, n\u00eb k\u00ebrkes\u00ebn e PD k\u00ebrkohet lirimi i ambienteve t\u00eb z\u00ebna nga KZAZ, GNV, apo QV dhe kthim i tyre n\u00eb funksion normal publik, pasi nuk ka baz\u00eb ligjore p\u00ebr t\u00eb mbajtur k\u00ebto ambiente t\u00eb z\u00ebna.<\/p>\n<p>Partia Demokratike b\u00ebn me dije se n\u00eb Dib\u00ebr dhe n\u00eb t\u00eb gjith\u00eb bashkit\u00eb e vendit do t\u00eb ket\u00eb protesta, p\u00ebr t\u00eb mos lejuar mbajtjen e zgjedhjeve t\u00eb paligjshme t\u00eb 30 qershorit.<\/p>\n<p>PD shprehet se nga data 27 qershor deri m\u00eb dat\u00eb 2 korrik do t\u00eb zhvilloj\u00eb tubime t\u00eb ligjshme n\u00eb t\u00eb gjith\u00eb territorin e Bashkis\u00eb Dib\u00ebr, p\u00ebr t\u00eb mos lejuar votime q\u00eb jan\u00eb antikushtetuese.<\/p>\n<p>&nbsp;<\/p>\n","protected":false},"excerpt":{"rendered":"<p>Partia Demokratike me an\u00eb t\u00eb nj\u00eb k\u00ebrkese zyrtare q\u00eb i ka nisur Komisionit Qendror t\u00eb Zgjedhjeve dhe Komisariatit t\u00eb Policis\u00eb n\u00eb Dib\u00ebr k\u00ebrkon anulimin e zgjedhjeve n\u00eb Bashkin\u00eb e Dibr\u00ebs. PD thot\u00eb se votimet n\u00eb k\u00ebt\u00eb bashki jan\u00eb t\u00eb paligjshme, nd\u00ebrsa shton se Gjithashtu, n\u00eb k\u00ebrkes\u00ebn e PD k\u00ebrkohet lirimi i ambienteve t\u00eb z\u00ebna nga [&hellip;]<\/p>\n","protected":false},"author":2013,"featured_media":92508,"comment_status":"open","ping_status":"closed","sticky":false,"template":"","format":"standard","meta":{"footnotes":""},"categories":[241,235],"tags":[],"class_list":{"0":"post-92507","1":"post","2":"type-post","3":"status-publish","4":"format-standard","5":"has-post-thumbnail","7":"category-aktualitet","8":"category-vendi"},"_links":{"self":[{"href":"https:\/\/zjarr.tv\/sq\/wp-json\/wp\/v2\/posts\/92507","targetHints":{"allow":["GET"]}}],"collection":[{"href":"https:\/\/zjarr.tv\/sq\/wp-json\/wp\/v2\/posts"}],"about":[{"href":"https:\/\/zjarr.tv\/sq\/wp-json\/wp\/v2\/types\/post"}],"author":[{"embeddable":true,"href":"https:\/\/zjarr.tv\/sq\/wp-json\/wp\/v2\/users\/2013"}],"replies":[{"embeddable":true,"href":"https:\/\/zjarr.tv\/sq\/wp-json\/wp\/v2\/comments?post=92507"}],"version-history":[{"count":0,"href":"https:\/\/zjarr.tv\/sq\/wp-json\/wp\/v2\/posts\/92507\/revisions"}],"wp:featuredmedia":[{"embeddable":true,"href":"https:\/\/zjarr.tv\/sq\/wp-json\/wp\/v2\/media\/92508"}],"wp:attachment":[{"href":"https:\/\/zjarr.tv\/sq\/wp-json\/wp\/v2\/media?parent=92507"}],"wp:term":[{"taxonomy":"category","embeddable":true,"href":"https:\/\/zjarr.tv\/sq\/wp-json\/wp\/v2\/categories?post=92507"},{"taxonomy":"post_tag","embeddable":true,"href":"https:\/\/zjarr.tv\/sq\/wp-json\/wp\/v2\/tags?post=92507"}],"curies":[{"name":"wp","href":"https:\/\/api.w.org\/{rel}","templated":true}]}}