{"id":92510,"date":"2019-06-26T16:14:32","date_gmt":"2019-06-26T14:14:32","guid":{"rendered":"https:\/\/zjarr.tv\/?p=92510"},"modified":"2019-06-26T16:14:32","modified_gmt":"2019-06-26T14:14:32","slug":"goditi-me-shuplake-blushin-policia-terrorizon-familjen-e-alban-jahos-se-digitalb","status":"publish","type":"post","link":"https:\/\/zjarr.tv\/sq\/goditi-me-shuplake-blushin-policia-terrorizon-familjen-e-alban-jahos-se-digitalb\/","title":{"rendered":"Goditi me shuplak\u00eb Blushin\/ Policia terrorizon familjen e Alban Jahos se DigitAlb"},"content":{"rendered":"<p>Nj\u00eb sherr vipash ka ndodhur mbr\u00ebmjen e djeshme n\u00eb Tiran\u00eb.<\/p>\n<p>Alban Jaho ka goditur me shuplak\u00eb Ben Blushin, ish-deputetin e Ram\u00ebs, ish-kreun e LIBRA-s aktualisht drejtor i TCH.<\/p>\n<p>Por shuplak\u00ebn q\u00eb Blushi e h\u00ebngri n\u00eb syt\u00eb e Aleksand\u00ebr Frangaj dhe nj\u00eb biznesmeni t\u00eb fuqish\u00ebm, nuk e ka kaluar kollaj.<\/p>\n<p>Ai ka vendosur t\u00eb denoncoj\u00eb n\u00eb polici, Alban Jahon, drejtorin e DigitAlb.<\/p>\n<p>Pas k\u00ebtij denoncimi, policia ka shkuar n\u00eb mesnat\u00eb n\u00eb sht\u00ebpin\u00eb e Jahos dhe ka terrorizuar familjen e tij.<\/p>\n<p>Dhjet\u00ebra polic\u00eb kan\u00eb shkuar n\u00eb or\u00ebn 01:00 pas mesnate dhe kan\u00eb k\u00ebrkuar Alban Jahon, duke i terrorizuar edhe familjen e tij.<\/p>\n<p>&nbsp;<\/p>\n","protected":false},"excerpt":{"rendered":"<p>Nj\u00eb sherr vipash ka ndodhur mbr\u00ebmjen e djeshme n\u00eb Tiran\u00eb. Alban Jaho ka goditur me shuplak\u00eb Ben Blushin, ish-deputetin e Ram\u00ebs, ish-kreun e LIBRA-s aktualisht drejtor i TCH. Por shuplak\u00ebn q\u00eb Blushi e h\u00ebngri n\u00eb syt\u00eb e Aleksand\u00ebr Frangaj dhe nj\u00eb biznesmeni t\u00eb fuqish\u00ebm, nuk e ka kaluar kollaj. Ai ka vendosur t\u00eb denoncoj\u00eb n\u00eb [&hellip;]<\/p>\n","protected":false},"author":2013,"featured_media":0,"comment_status":"open","ping_status":"closed","sticky":false,"template":"","format":"standard","meta":{"footnotes":""},"categories":[241,235],"tags":[],"class_list":{"0":"post-92510","1":"post","2":"type-post","3":"status-publish","4":"format-standard","6":"category-aktualitet","7":"category-vendi"},"_links":{"self":[{"href":"https:\/\/zjarr.tv\/sq\/wp-json\/wp\/v2\/posts\/92510","targetHints":{"allow":["GET"]}}],"collection":[{"href":"https:\/\/zjarr.tv\/sq\/wp-json\/wp\/v2\/posts"}],"about":[{"href":"https:\/\/zjarr.tv\/sq\/wp-json\/wp\/v2\/types\/post"}],"author":[{"embeddable":true,"href":"https:\/\/zjarr.tv\/sq\/wp-json\/wp\/v2\/users\/2013"}],"replies":[{"embeddable":true,"href":"https:\/\/zjarr.tv\/sq\/wp-json\/wp\/v2\/comments?post=92510"}],"version-history":[{"count":0,"href":"https:\/\/zjarr.tv\/sq\/wp-json\/wp\/v2\/posts\/92510\/revisions"}],"wp:attachment":[{"href":"https:\/\/zjarr.tv\/sq\/wp-json\/wp\/v2\/media?parent=92510"}],"wp:term":[{"taxonomy":"category","embeddable":true,"href":"https:\/\/zjarr.tv\/sq\/wp-json\/wp\/v2\/categories?post=92510"},{"taxonomy":"post_tag","embeddable":true,"href":"https:\/\/zjarr.tv\/sq\/wp-json\/wp\/v2\/tags?post=92510"}],"curies":[{"name":"wp","href":"https:\/\/api.w.org\/{rel}","templated":true}]}}