{"id":92531,"date":"2019-06-26T16:39:48","date_gmt":"2019-06-26T14:39:48","guid":{"rendered":"https:\/\/zjarr.tv\/?p=92531"},"modified":"2019-06-26T16:39:48","modified_gmt":"2019-06-26T14:39:48","slug":"gjiknuri-me-gjykoni-per-ato-qe-bej-ne-publik-jo-per-ato-qe-bej-fshehtas","status":"publish","type":"post","link":"https:\/\/zjarr.tv\/sq\/gjiknuri-me-gjykoni-per-ato-qe-bej-ne-publik-jo-per-ato-qe-bej-fshehtas\/","title":{"rendered":"Gjiknuri: M\u00eb gjykoni p\u00ebr ato q\u00eb b\u00ebj n\u00eb publik, jo p\u00ebr ato q\u00eb b\u00ebj fshehtas!"},"content":{"rendered":"<p>Damina Gjiknuri, si i deleguari kryesor\u00eb i Edi Ram\u00ebs p\u00ebr t\u00eb organizuar masakr\u00ebn elektorale n\u00eb zgjedhjet e pjesshme lokale n\u00eb bashkin\u00eb e Dibr\u00ebs n\u00eb vitin 2016, p\u00ebr her\u00eb t\u00eb par\u00eb ka zgjedhur t\u00eb b\u00ebj\u00eb alibin\u00eb tij p\u00ebr skandalin e publikuar nga BILD n\u00eb m\u00ebnyr\u00eb t\u00eb detajuar, n\u00eb nj\u00eb televizion lokal n\u00eb qytetin e Vlor\u00ebs.<\/p>\n<p>N\u00eb nj\u00eb intervist\u00eb t\u00eb gjat\u00eb\u00a0 p\u00ebr televizionin, \u20186 Plus 1 Vlora\u2019, Gjiknuri\u00a0 \u00ebsht\u00eb pyetur edhe n\u00eb lidhje me p\u00ebrgjimet e publikuara gjat\u00eb dit\u00ebve t\u00eb fundit n\u00eb media m\u00eb t\u00eb madhe n\u00eb Europ\u00eb, Bild me objekt zgjedhjet e pjesshme lokale t\u00eb Dibr\u00ebs, mbajtur n\u00eb 11 Shtator 2016. Nj\u00ebsoj si Edi Rama dhe t\u00eb gjith\u00eb personazhet e tjer\u00eb t\u00eb Rilindjes q\u00eb jan\u00eb kapur n\u00eb rrjet\u00ebn e k\u00ebtyre p\u00ebrgjimeve, ish-ministri i Energjitik\u00ebs dhe Transporteve, ka tentuar q\u00eb t\u00eb mohoj\u00eb dhe relativizoj\u00eb gjith\u00e7ka.<\/p>\n<p>\u2018\u00c7far\u00eb ka dal\u00eb tek p\u00ebrgjimet? N\u00ebse ti b\u00ebn p\u00ebrgjim t\u00eb bisedave private t\u00eb njer\u00ebzve mund t\u00eb dal\u00eb dhe ndonj\u00eb fjalor i pap\u00ebrshtatsh\u00ebm por n\u00eb fund t\u00eb fundit biseda \u00ebsht\u00eb private. Politikani gjykohet nga veprimet q\u00eb b\u00ebn n\u00eb publik, jo ato q\u00eb thot\u00eb n\u00eb bisedat e tij private. U p\u00ebrdor k\u00ebtu dhe nj\u00eb shkall\u00eb tjet\u00ebr e denigrimit t\u00eb njer\u00ebzve, e pap\u00ebrshtatshme dhe e papar\u00eb n\u00eb nj\u00eb shtet normal demokratik\u2019, ka\u00a0 habitur intervistuesin me sp\u00ebrdredhjen e tij deri n\u00eb kufijt\u00eb e qesharakes Gjiknuri.<\/p>\n<p>Pra sipas k\u00ebtij funksionari t\u00eb lart\u00eb t\u00eb Rilindjes dhe nj\u00eb nga ish ministrat m\u00eb t\u00eb fuqish\u00ebm t\u00eb qeverive Rama, qytetar\u00ebt\u00a0 duhet ta gjykojm\u00eb at\u00eb vet\u00ebm p\u00ebr ato q\u00eb thot\u00eb n\u00eb publik, TV e media. Kurse p\u00ebr pazaret dhe pisll\u00ebqet e tjera \u2018private\u2019, ai nuk mban p\u00ebrgjegj\u00ebsi!<\/p>\n<p>Gjithashtu po kaq qeshrak ai ka qene edhe kur \u00ebsht\u00eb p\u00ebrpjekur t\u00eb mbuloj\u00eb faktin e grupit t\u00eb gatsh\u00ebm me kontigjent\u00eb kriminal\u00eb q\u00eb \u00e7oi n\u00eb zgjedhjet e Dibr\u00ebs t\u00eb cil\u00ebt i quan \u2018\u00e7una problematik\u00eb\u2019.<\/p>\n<p>\u2018Merren me shprehjen \u2018\u00e7unat problematik\u2019 q\u00eb paskam th\u00ebn\u00eb un\u00eb. N\u00eb fund t\u00eb fundit \u00e7far\u00eb ishin ata? Disa militant t\u00eb Partis\u00eb Socialiste t\u00eb cil\u00ebt ishin m\u00eb t\u00eb gatsh\u00ebm dhe mund t\u00eb p\u00ebrballeshin me nj\u00eb sulm fizik\u2019, thot\u00eb ai edhe p\u00ebr k\u00ebt\u00eb \u00e7\u00ebshtje.<\/p>\n<p>&nbsp;<\/p>\n","protected":false},"excerpt":{"rendered":"<p>Damina Gjiknuri, si i deleguari kryesor\u00eb i Edi Ram\u00ebs p\u00ebr t\u00eb organizuar masakr\u00ebn elektorale n\u00eb zgjedhjet e pjesshme lokale n\u00eb bashkin\u00eb e Dibr\u00ebs n\u00eb vitin 2016, p\u00ebr her\u00eb t\u00eb par\u00eb ka zgjedhur t\u00eb b\u00ebj\u00eb alibin\u00eb tij p\u00ebr skandalin e publikuar nga BILD n\u00eb m\u00ebnyr\u00eb t\u00eb detajuar, n\u00eb nj\u00eb televizion lokal n\u00eb qytetin e Vlor\u00ebs. N\u00eb [&hellip;]<\/p>\n","protected":false},"author":2013,"featured_media":0,"comment_status":"open","ping_status":"closed","sticky":false,"template":"","format":"standard","meta":{"footnotes":""},"categories":[241,235],"tags":[],"class_list":{"0":"post-92531","1":"post","2":"type-post","3":"status-publish","4":"format-standard","6":"category-aktualitet","7":"category-vendi"},"_links":{"self":[{"href":"https:\/\/zjarr.tv\/sq\/wp-json\/wp\/v2\/posts\/92531","targetHints":{"allow":["GET"]}}],"collection":[{"href":"https:\/\/zjarr.tv\/sq\/wp-json\/wp\/v2\/posts"}],"about":[{"href":"https:\/\/zjarr.tv\/sq\/wp-json\/wp\/v2\/types\/post"}],"author":[{"embeddable":true,"href":"https:\/\/zjarr.tv\/sq\/wp-json\/wp\/v2\/users\/2013"}],"replies":[{"embeddable":true,"href":"https:\/\/zjarr.tv\/sq\/wp-json\/wp\/v2\/comments?post=92531"}],"version-history":[{"count":0,"href":"https:\/\/zjarr.tv\/sq\/wp-json\/wp\/v2\/posts\/92531\/revisions"}],"wp:attachment":[{"href":"https:\/\/zjarr.tv\/sq\/wp-json\/wp\/v2\/media?parent=92531"}],"wp:term":[{"taxonomy":"category","embeddable":true,"href":"https:\/\/zjarr.tv\/sq\/wp-json\/wp\/v2\/categories?post=92531"},{"taxonomy":"post_tag","embeddable":true,"href":"https:\/\/zjarr.tv\/sq\/wp-json\/wp\/v2\/tags?post=92531"}],"curies":[{"name":"wp","href":"https:\/\/api.w.org\/{rel}","templated":true}]}}