{"id":92535,"date":"2019-06-26T16:43:28","date_gmt":"2019-06-26T14:43:28","guid":{"rendered":"https:\/\/zjarr.tv\/?p=92535"},"modified":"2019-06-26T16:43:28","modified_gmt":"2019-06-26T14:43:28","slug":"zv-ministri-sulmon-kie-orgznizate-e-sapo-rikthyer-nga-rusia","status":"publish","type":"post","link":"https:\/\/zjarr.tv\/sq\/zv-ministri-sulmon-kie-orgznizate-e-sapo-rikthyer-nga-rusia\/","title":{"rendered":"Zv\/ministri sulmon KiE: Orgznizat\u00eb e sapo rikthyer nga Rusia"},"content":{"rendered":"<p>Zyrtari i qeveris\u00eb Petro Ko\u00e7i ka reaguar pas vendimit t\u00eb K\u00ebshillit t\u00eb Europ\u00ebs, p\u00ebr t\u00ebrheqjen e v\u00ebzhguesve n\u00eb zgjedhjet e 30 qershorit. N\u00eb arsyetimin e KiE thuhej se kjo vinte p\u00ebr shkak t\u00eb paqart\u00ebsis\u00eb s\u00eb procesit zgjedhor.<\/p>\n<p>Nd\u00ebrkaq, n\u00eb nj\u00eb postim n\u00eb rrjetin social \u201cFacebook\u201d, z\u00ebvend\u00ebs ministri i Mbrojtjes Petro Ko\u00e7i shkruan se K\u00ebshilli i Europ\u00ebs \u00ebsht\u00eb nj\u00eb organizat\u00eb n\u00eb t\u00eb cil\u00ebn sapo \u00ebsht\u00eb rikthyer Rusia.<\/p>\n<p>\u201cK\u00ebshilli i Europ\u00ebs, nj\u00eb organizat\u00eb n\u00eb t\u00eb cil\u00ebn sapo \u00ebsht\u00eb rikthyer nga Rusia\u201d, shkruan Ko\u00e7i.<\/p>\n<p>&nbsp;<\/p>\n","protected":false},"excerpt":{"rendered":"<p>Zyrtari i qeveris\u00eb Petro Ko\u00e7i ka reaguar pas vendimit t\u00eb K\u00ebshillit t\u00eb Europ\u00ebs, p\u00ebr t\u00ebrheqjen e v\u00ebzhguesve n\u00eb zgjedhjet e 30 qershorit. N\u00eb arsyetimin e KiE thuhej se kjo vinte p\u00ebr shkak t\u00eb paqart\u00ebsis\u00eb s\u00eb procesit zgjedhor. Nd\u00ebrkaq, n\u00eb nj\u00eb postim n\u00eb rrjetin social \u201cFacebook\u201d, z\u00ebvend\u00ebs ministri i Mbrojtjes Petro Ko\u00e7i shkruan se K\u00ebshilli i [&hellip;]<\/p>\n","protected":false},"author":2013,"featured_media":0,"comment_status":"open","ping_status":"closed","sticky":false,"template":"","format":"standard","meta":{"footnotes":""},"categories":[241,235],"tags":[],"class_list":{"0":"post-92535","1":"post","2":"type-post","3":"status-publish","4":"format-standard","6":"category-aktualitet","7":"category-vendi"},"_links":{"self":[{"href":"https:\/\/zjarr.tv\/sq\/wp-json\/wp\/v2\/posts\/92535","targetHints":{"allow":["GET"]}}],"collection":[{"href":"https:\/\/zjarr.tv\/sq\/wp-json\/wp\/v2\/posts"}],"about":[{"href":"https:\/\/zjarr.tv\/sq\/wp-json\/wp\/v2\/types\/post"}],"author":[{"embeddable":true,"href":"https:\/\/zjarr.tv\/sq\/wp-json\/wp\/v2\/users\/2013"}],"replies":[{"embeddable":true,"href":"https:\/\/zjarr.tv\/sq\/wp-json\/wp\/v2\/comments?post=92535"}],"version-history":[{"count":0,"href":"https:\/\/zjarr.tv\/sq\/wp-json\/wp\/v2\/posts\/92535\/revisions"}],"wp:attachment":[{"href":"https:\/\/zjarr.tv\/sq\/wp-json\/wp\/v2\/media?parent=92535"}],"wp:term":[{"taxonomy":"category","embeddable":true,"href":"https:\/\/zjarr.tv\/sq\/wp-json\/wp\/v2\/categories?post=92535"},{"taxonomy":"post_tag","embeddable":true,"href":"https:\/\/zjarr.tv\/sq\/wp-json\/wp\/v2\/tags?post=92535"}],"curies":[{"name":"wp","href":"https:\/\/api.w.org\/{rel}","templated":true}]}}