{"id":92537,"date":"2019-06-26T16:44:24","date_gmt":"2019-06-26T14:44:24","guid":{"rendered":"https:\/\/zjarr.tv\/?p=92537"},"modified":"2019-06-26T16:44:24","modified_gmt":"2019-06-26T14:44:24","slug":"kqz-sfidon-krizen-politike-cfare-shqyrtoi-ne-mbledhjen-e-sotme","status":"publish","type":"post","link":"https:\/\/zjarr.tv\/sq\/kqz-sfidon-krizen-politike-cfare-shqyrtoi-ne-mbledhjen-e-sotme\/","title":{"rendered":"KQZ \u201csfidon\u201d kriz\u00ebn politike, \u00e7far\u00eb shqyrtoi n\u00eb mbledhjen e sotme"},"content":{"rendered":"<p>Kriza politike dhe tensionet mes pal\u00ebve p\u00ebr zgjedhjet lokale t\u00eb 30 qershorit duket se nuk e kan\u00eb penguar aspak Komisionin Qendror t\u00eb Zgjedhjeve, q\u00eb t\u00eb vijoj\u00eb pun\u00ebn normalisht.<\/p>\n<p>N\u00eb mbledhjen e sotme, ky institucion ka shqyrtuar tre projektvendime t\u00eb reja. Ata kan\u00eb t\u00eb b\u00ebjn\u00eb me akdreditimin e pes\u00eb gazetar\u00ebve t\u00eb Associated Press, p\u00ebr lirimin e sekretar\u00ebve n\u00eb disa KZAZ, por edhe p\u00ebr dh\u00ebnie autorizimi p\u00ebr ndryshimin e vendndodhjes p\u00ebr disa qendra votimi.<\/p>\n<p><strong>Njoftimi i KQZ-s\u00eb<\/strong><\/p>\n<p>Tiran\u00eb m\u00eb 26.06.2019Komisioni Qendror i Zgjedhjeve n\u00eb mbledhjen e dit\u00ebs s\u00eb sotme shqyrtoi projektvendimet:<\/p>\n<p>-\u201cP\u00ebr miratimin e gazetar\u00ebve t\u00eb Associated Press, p\u00ebr v\u00ebzhgimin e zgjedhjeve p\u00ebr organet e qeverisjes vendore, t\u00eb dat\u00ebs 30 qershor 2019\u201d. KQZ vendosi t\u00eb miratoj\u00eb k\u00ebrkes\u00ebn e Associated Press, p\u00ebr akreditimin e 5 gazetar\u00ebve, p\u00ebr zgjedhjet p\u00ebr organet e qeverisjes vendore.<\/p>\n<p>-\u201cP\u00ebr lirim dhe em\u00ebrim t\u00eb sekretar\u00ebve t\u00eb KZAZ-ve nr 20, nr.36, nr.38, p\u00ebr zgjedhjet p\u00ebr organet e qeverisjes vendore t\u00eb dat\u00ebs 30 qershor 2019\u201d.<\/p>\n<p>-\u201cP\u00ebr dh\u00ebnie autorizimi p\u00ebr ndryshimin e vendndodhjes s\u00eb disa QV-ve, p\u00ebr zgjedhjet p\u00ebr organet e qeverisjes vendore t\u00eb dat\u00ebs 30 qershor 2019\u201d.<\/p>\n<p>&nbsp;<\/p>\n","protected":false},"excerpt":{"rendered":"<p>Kriza politike dhe tensionet mes pal\u00ebve p\u00ebr zgjedhjet lokale t\u00eb 30 qershorit duket se nuk e kan\u00eb penguar aspak Komisionin Qendror t\u00eb Zgjedhjeve, q\u00eb t\u00eb vijoj\u00eb pun\u00ebn normalisht. N\u00eb mbledhjen e sotme, ky institucion ka shqyrtuar tre projektvendime t\u00eb reja. Ata kan\u00eb t\u00eb b\u00ebjn\u00eb me akdreditimin e pes\u00eb gazetar\u00ebve t\u00eb Associated Press, p\u00ebr lirimin e [&hellip;]<\/p>\n","protected":false},"author":2013,"featured_media":91388,"comment_status":"open","ping_status":"closed","sticky":false,"template":"","format":"standard","meta":{"footnotes":""},"categories":[241,235],"tags":[],"class_list":{"0":"post-92537","1":"post","2":"type-post","3":"status-publish","4":"format-standard","5":"has-post-thumbnail","7":"category-aktualitet","8":"category-vendi"},"_links":{"self":[{"href":"https:\/\/zjarr.tv\/sq\/wp-json\/wp\/v2\/posts\/92537","targetHints":{"allow":["GET"]}}],"collection":[{"href":"https:\/\/zjarr.tv\/sq\/wp-json\/wp\/v2\/posts"}],"about":[{"href":"https:\/\/zjarr.tv\/sq\/wp-json\/wp\/v2\/types\/post"}],"author":[{"embeddable":true,"href":"https:\/\/zjarr.tv\/sq\/wp-json\/wp\/v2\/users\/2013"}],"replies":[{"embeddable":true,"href":"https:\/\/zjarr.tv\/sq\/wp-json\/wp\/v2\/comments?post=92537"}],"version-history":[{"count":0,"href":"https:\/\/zjarr.tv\/sq\/wp-json\/wp\/v2\/posts\/92537\/revisions"}],"wp:featuredmedia":[{"embeddable":true,"href":"https:\/\/zjarr.tv\/sq\/wp-json\/wp\/v2\/media\/91388"}],"wp:attachment":[{"href":"https:\/\/zjarr.tv\/sq\/wp-json\/wp\/v2\/media?parent=92537"}],"wp:term":[{"taxonomy":"category","embeddable":true,"href":"https:\/\/zjarr.tv\/sq\/wp-json\/wp\/v2\/categories?post=92537"},{"taxonomy":"post_tag","embeddable":true,"href":"https:\/\/zjarr.tv\/sq\/wp-json\/wp\/v2\/tags?post=92537"}],"curies":[{"name":"wp","href":"https:\/\/api.w.org\/{rel}","templated":true}]}}