{"id":92539,"date":"2019-06-26T16:46:01","date_gmt":"2019-06-26T14:46:01","guid":{"rendered":"https:\/\/zjarr.tv\/?p=92539"},"modified":"2019-06-26T16:46:01","modified_gmt":"2019-06-26T14:46:01","slug":"nuk-ka-dhe-nuk-do-te-kete-zgjedhje-pd-e-kurbinit-paralajmeron-protesta","status":"publish","type":"post","link":"https:\/\/zjarr.tv\/sq\/nuk-ka-dhe-nuk-do-te-kete-zgjedhje-pd-e-kurbinit-paralajmeron-protesta\/","title":{"rendered":"\u201cNuk ka dhe nuk do t\u00eb ket\u00eb zgjedhje\u201d PD e Kurbinit paralajm\u00ebron protesta"},"content":{"rendered":"<p>Nd\u00ebrprerja e menj\u00ebhershme e procesit t\u00eb votimeve \u00ebsht\u00eb njoftuar nga kryetari i PD-s\u00eb s\u00eb Kurbinit, Behar Haxhiu.<\/p>\n<p>N\u00eb njoftimin e publikuar, Haxhiu shkruan se zhgjedhjet nuk do t\u00eb zhvillhen, nd\u00ebrsa fton qytetar\u00ebt demokrat\u00eb e socialist\u00eb me ose pa parti ti bashkohen l\u00ebvizjes s\u00eb Aleanc\u00ebs s\u00eb Qytetarve p\u00ebr mbrojtjen e Demokracis\u00eb n\u00eb Kurbin.<\/p>\n<p>Gjithashtu njoftohet se n\u00eb datat 27 Qershor 2019 deri me daten 02 Korrik 2019 organizohen tubime, peotesta, demostrata ne \u00e7do vend, n\u00eb \u00e7do rruge, n\u00eb \u00e7do shesh.<\/p>\n<p><em>Njoftimi i plot\u00eb:\u00a0<\/em><\/p>\n<p><em>Njoftimi publik i Kryetarit te Partise Demokratike Kurbin per nderprerjen e menjehershme te pro\u00e7esit te paligjshem te votimeve ne territorin e Bashkise Kurbin!<\/em><\/p>\n<p><em>Drejtuar: KZAZ NR 15<\/em><\/p>\n<p><em>BASHKISE KURBIN<\/em><\/p>\n<p><em>KOMISARIATIT TE POLICISE KURBIN<\/em><\/p>\n<p><em>PER DIJENI: KQZ. TIRANE<\/em><\/p>\n<p><em>MISIONIT OSBE\/ODIR<\/em><\/p>\n<p><em>Per shkeljen e ligjit per zgjedhjet ne Republiken e Shqiperise njoftohet i gjithe opinioni publik ne Kurbin dhe jashte saje se zgjedhje ne Kurbin nuk ka dhe nuk do kete gjithashtu njoftojm te gjithe qytetaret e Kurbinit demokrat e socialiste me ose pa parti ti bashkohen levizjes se Aleances se Qytetarve per mbrojtjen e Demokracise ne Kurbin, qe nga data 27 Qershor 2019 deri me daten 02 Korrik 2019 organizohen tubime, peotesta, demostrata ne \u00e7do vend, n\u00eb \u00e7do rruge, n\u00eb \u00e7do shesh bazuar ne nenin 47 te kushtetutes se Republikes se Shqiperise.<\/em><\/p>\n<p><em>Zoti e bekofte Kurbinin.<\/em><\/p>\n<p><em>Zoti e bekofte Shqiperine<\/em><\/p>\n<p><em>Kryetari i Partise Demokratike\u00a0<\/em><\/p>\n<p><em>Behar Haxhiu<\/em><\/p>\n<p>&nbsp;<\/p>\n","protected":false},"excerpt":{"rendered":"<p>Nd\u00ebrprerja e menj\u00ebhershme e procesit t\u00eb votimeve \u00ebsht\u00eb njoftuar nga kryetari i PD-s\u00eb s\u00eb Kurbinit, Behar Haxhiu. N\u00eb njoftimin e publikuar, Haxhiu shkruan se zhgjedhjet nuk do t\u00eb zhvillhen, nd\u00ebrsa fton qytetar\u00ebt demokrat\u00eb e socialist\u00eb me ose pa parti ti bashkohen l\u00ebvizjes s\u00eb Aleanc\u00ebs s\u00eb Qytetarve p\u00ebr mbrojtjen e Demokracis\u00eb n\u00eb Kurbin. Gjithashtu njoftohet se [&hellip;]<\/p>\n","protected":false},"author":2013,"featured_media":92540,"comment_status":"open","ping_status":"closed","sticky":false,"template":"","format":"standard","meta":{"footnotes":""},"categories":[241,235],"tags":[],"class_list":{"0":"post-92539","1":"post","2":"type-post","3":"status-publish","4":"format-standard","5":"has-post-thumbnail","7":"category-aktualitet","8":"category-vendi"},"_links":{"self":[{"href":"https:\/\/zjarr.tv\/sq\/wp-json\/wp\/v2\/posts\/92539","targetHints":{"allow":["GET"]}}],"collection":[{"href":"https:\/\/zjarr.tv\/sq\/wp-json\/wp\/v2\/posts"}],"about":[{"href":"https:\/\/zjarr.tv\/sq\/wp-json\/wp\/v2\/types\/post"}],"author":[{"embeddable":true,"href":"https:\/\/zjarr.tv\/sq\/wp-json\/wp\/v2\/users\/2013"}],"replies":[{"embeddable":true,"href":"https:\/\/zjarr.tv\/sq\/wp-json\/wp\/v2\/comments?post=92539"}],"version-history":[{"count":0,"href":"https:\/\/zjarr.tv\/sq\/wp-json\/wp\/v2\/posts\/92539\/revisions"}],"wp:featuredmedia":[{"embeddable":true,"href":"https:\/\/zjarr.tv\/sq\/wp-json\/wp\/v2\/media\/92540"}],"wp:attachment":[{"href":"https:\/\/zjarr.tv\/sq\/wp-json\/wp\/v2\/media?parent=92539"}],"wp:term":[{"taxonomy":"category","embeddable":true,"href":"https:\/\/zjarr.tv\/sq\/wp-json\/wp\/v2\/categories?post=92539"},{"taxonomy":"post_tag","embeddable":true,"href":"https:\/\/zjarr.tv\/sq\/wp-json\/wp\/v2\/tags?post=92539"}],"curies":[{"name":"wp","href":"https:\/\/api.w.org\/{rel}","templated":true}]}}