{"id":92544,"date":"2019-06-26T16:48:21","date_gmt":"2019-06-26T14:48:21","guid":{"rendered":"https:\/\/zjarr.tv\/?p=92544"},"modified":"2019-06-26T16:48:21","modified_gmt":"2019-06-26T14:48:21","slug":"30-qershori-bashkia-shkoder-paralajmeron-anetaret-e-kzaz-ve-do-pergjigjeni-para-ligjit","status":"publish","type":"post","link":"https:\/\/zjarr.tv\/sq\/30-qershori-bashkia-shkoder-paralajmeron-anetaret-e-kzaz-ve-do-pergjigjeni-para-ligjit\/","title":{"rendered":"&#8217;30 Qershori&#8217;\/ Bashkia Shkod\u00ebr paralajm\u00ebron an\u00ebtar\u00ebt e KZAZ-ve: Do p\u00ebrgjigjeni para ligjit"},"content":{"rendered":"<p>Bashkia e Shkodr\u00ebs ka rip\u00ebrs\u00ebritur njoftimin p\u00ebr ish- KZAZ- t\u00eb, t\u00eb cilat n\u00eb shkelje t\u00eb Dekretit t\u00eb Presidentit, vazhdojn\u00eb t\u00eb konsiderohen t\u00eb tilla nga KQZ.<\/p>\n<p>\u201cShkresat zyrtare jan\u00eb nj\u00eb mund\u00ebsi per t\u00eb paralajm\u00ebruar dhe ndihmuar t\u00eb mos shkelin ligjin, t\u00eb gjith\u00eb individ\u00ebt e paautorizuar q\u00eb mund t\u00eb tentojn\u00eb t\u00eb hyjn\u00eb n\u00eb asetet n\u00eb pron\u00ebsi e administrim t\u00eb Bashkis\u00eb Shkod\u00ebr.<\/p>\n<p>Jemi t\u00eb vendosur ti menaxhojm\u00eb n\u00eb zbatim t\u00eb ligjit 139\/2015 \u201cP\u00ebr veteqeverisjen vendore\u201d. N\u00eb \u00e7do rast q\u00eb do t\u00eb c\u00ebnohen institucionet, \u00a0t\u00eb gjith\u00eb shkel\u00ebsit do t\u00eb kall\u00ebzohen penalisht\u201d, thuhet n\u00eb reagimin \u00a0Bashkis\u00eb Shkod\u00ebr.<\/p>\n","protected":false},"excerpt":{"rendered":"<p>Bashkia e Shkodr\u00ebs ka rip\u00ebrs\u00ebritur njoftimin p\u00ebr ish- KZAZ- t\u00eb, t\u00eb cilat n\u00eb shkelje t\u00eb Dekretit t\u00eb Presidentit, vazhdojn\u00eb t\u00eb konsiderohen t\u00eb tilla nga KQZ. \u201cShkresat zyrtare jan\u00eb nj\u00eb mund\u00ebsi per t\u00eb paralajm\u00ebruar dhe ndihmuar t\u00eb mos shkelin ligjin, t\u00eb gjith\u00eb individ\u00ebt e paautorizuar q\u00eb mund t\u00eb tentojn\u00eb t\u00eb hyjn\u00eb n\u00eb asetet n\u00eb pron\u00ebsi e [&hellip;]<\/p>\n","protected":false},"author":2013,"featured_media":92545,"comment_status":"open","ping_status":"closed","sticky":false,"template":"","format":"standard","meta":{"footnotes":""},"categories":[241,235],"tags":[],"class_list":{"0":"post-92544","1":"post","2":"type-post","3":"status-publish","4":"format-standard","5":"has-post-thumbnail","7":"category-aktualitet","8":"category-vendi"},"_links":{"self":[{"href":"https:\/\/zjarr.tv\/sq\/wp-json\/wp\/v2\/posts\/92544","targetHints":{"allow":["GET"]}}],"collection":[{"href":"https:\/\/zjarr.tv\/sq\/wp-json\/wp\/v2\/posts"}],"about":[{"href":"https:\/\/zjarr.tv\/sq\/wp-json\/wp\/v2\/types\/post"}],"author":[{"embeddable":true,"href":"https:\/\/zjarr.tv\/sq\/wp-json\/wp\/v2\/users\/2013"}],"replies":[{"embeddable":true,"href":"https:\/\/zjarr.tv\/sq\/wp-json\/wp\/v2\/comments?post=92544"}],"version-history":[{"count":0,"href":"https:\/\/zjarr.tv\/sq\/wp-json\/wp\/v2\/posts\/92544\/revisions"}],"wp:featuredmedia":[{"embeddable":true,"href":"https:\/\/zjarr.tv\/sq\/wp-json\/wp\/v2\/media\/92545"}],"wp:attachment":[{"href":"https:\/\/zjarr.tv\/sq\/wp-json\/wp\/v2\/media?parent=92544"}],"wp:term":[{"taxonomy":"category","embeddable":true,"href":"https:\/\/zjarr.tv\/sq\/wp-json\/wp\/v2\/categories?post=92544"},{"taxonomy":"post_tag","embeddable":true,"href":"https:\/\/zjarr.tv\/sq\/wp-json\/wp\/v2\/tags?post=92544"}],"curies":[{"name":"wp","href":"https:\/\/api.w.org\/{rel}","templated":true}]}}