{"id":92674,"date":"2019-06-27T19:30:52","date_gmt":"2019-06-27T17:30:52","guid":{"rendered":"https:\/\/zjarr.tv\/?p=92674"},"modified":"2019-06-27T13:23:29","modified_gmt":"2019-06-27T11:23:29","slug":"konfirmohet-trump-dhe-putin-do-takohen-ne-g20","status":"publish","type":"post","link":"https:\/\/zjarr.tv\/sq\/konfirmohet-trump-dhe-putin-do-takohen-ne-g20\/","title":{"rendered":"Konfirmohet, Trump dhe Putin do takohen n\u00eb G20"},"content":{"rendered":"<p>Presidenti rus Vladimir Putin do t\u00eb takohet me Presidentin e SHBA Donald Trump gjat\u00eb takimit t\u00eb grupit 20 (G20) n\u00eb Japoni k\u00ebt\u00eb jav\u00eb.<br \/>\nDy lider\u00ebt do takohen p\u00ebr t\u00eb diskutuar mbi kontrollin e arm\u00ebve dhe situat\u00ebn e tensionuar n\u00eb Lindjen e Mesme, p\u00ebrfshir\u00eb Iranin.<br \/>\nTrump ka th\u00ebn\u00eb m\u00eb par\u00eb se planifikonte t\u00eb takohej me Putin gjat\u00eb samitit G 20 n\u00eb Osaka dhe Putin u shpreh se e mir\u00ebpret dialogun dhe \u00ebsht\u00eb gati t\u00eb ulet p\u00ebr bisedime.<br \/>\nNdihm\u00ebsi presidencial rus, Yury Ushakov u tha gazetar\u00ebve n\u00eb nj\u00eb konferenc\u00eb n\u00eb Mosk\u00eb t\u00eb m\u00ebrkur\u00ebn se takimi n\u00eb Osaka do t\u00eb zhvillohet n\u00eb pasditen e 28 qershorit dhe duhet t\u00eb zgjas\u00eb rreth nj\u00eb or\u00eb.<br \/>\n&#8220;Sa i p\u00ebrket tem\u00ebs s\u00eb diskutimeve, varet nga udh\u00ebheq\u00ebsit,&#8221;-u tha Ushakov gazetar\u00ebve, duke shtuar se ata gjithashtu kan\u00eb gjasa t\u00eb prekin &#8220;stabilitetin strategjik&#8221; dhe Ukrain\u00ebn.<br \/>\nPor nuk ka ende nj\u00eb konfirmim nga zyrtar\u00ebt e SHBA n\u00ebse kan\u00eb r\u00ebn\u00eb dakord p\u00ebr mbajtjen e takimit, megjith\u00ebse t\u00eb dyja pal\u00ebt shpreh\u00ebn interes t\u00eb fort\u00eb p\u00ebr t\u00eb mbajtur takim gjat\u00eb samitit dy ditor.<\/p>\n","protected":false},"excerpt":{"rendered":"<p>Presidenti rus Vladimir Putin do t\u00eb takohet me Presidentin e SHBA Donald Trump gjat\u00eb takimit t\u00eb grupit 20 (G20) n\u00eb Japoni k\u00ebt\u00eb jav\u00eb. Dy lider\u00ebt do takohen p\u00ebr t\u00eb diskutuar mbi kontrollin e arm\u00ebve dhe situat\u00ebn e tensionuar n\u00eb Lindjen e Mesme, p\u00ebrfshir\u00eb Iranin. Trump ka th\u00ebn\u00eb m\u00eb par\u00eb se planifikonte t\u00eb takohej me Putin [&hellip;]<\/p>\n","protected":false},"author":2013,"featured_media":0,"comment_status":"open","ping_status":"closed","sticky":false,"template":"","format":"standard","meta":{"footnotes":""},"categories":[241,191],"tags":[],"class_list":{"0":"post-92674","1":"post","2":"type-post","3":"status-publish","4":"format-standard","6":"category-aktualitet","7":"category-bota"},"_links":{"self":[{"href":"https:\/\/zjarr.tv\/sq\/wp-json\/wp\/v2\/posts\/92674","targetHints":{"allow":["GET"]}}],"collection":[{"href":"https:\/\/zjarr.tv\/sq\/wp-json\/wp\/v2\/posts"}],"about":[{"href":"https:\/\/zjarr.tv\/sq\/wp-json\/wp\/v2\/types\/post"}],"author":[{"embeddable":true,"href":"https:\/\/zjarr.tv\/sq\/wp-json\/wp\/v2\/users\/2013"}],"replies":[{"embeddable":true,"href":"https:\/\/zjarr.tv\/sq\/wp-json\/wp\/v2\/comments?post=92674"}],"version-history":[{"count":0,"href":"https:\/\/zjarr.tv\/sq\/wp-json\/wp\/v2\/posts\/92674\/revisions"}],"wp:attachment":[{"href":"https:\/\/zjarr.tv\/sq\/wp-json\/wp\/v2\/media?parent=92674"}],"wp:term":[{"taxonomy":"category","embeddable":true,"href":"https:\/\/zjarr.tv\/sq\/wp-json\/wp\/v2\/categories?post=92674"},{"taxonomy":"post_tag","embeddable":true,"href":"https:\/\/zjarr.tv\/sq\/wp-json\/wp\/v2\/tags?post=92674"}],"curies":[{"name":"wp","href":"https:\/\/api.w.org\/{rel}","templated":true}]}}