{"id":92678,"date":"2019-06-27T19:50:41","date_gmt":"2019-06-27T17:50:41","guid":{"rendered":"https:\/\/zjarr.tv\/?p=92678"},"modified":"2019-06-27T13:26:34","modified_gmt":"2019-06-27T11:26:34","slug":"serbia-hap-edhe-nje-kapitull-negociatash-me-be-ne","status":"publish","type":"post","link":"https:\/\/zjarr.tv\/sq\/serbia-hap-edhe-nje-kapitull-negociatash-me-be-ne\/","title":{"rendered":"Serbia hap edhe nj\u00eb kapitull negociatash me BE-n\u00eb"},"content":{"rendered":"<p>N\u00eb konferenc\u00ebn nd\u00ebrqeveritare, Bashkimi Evropian-Serbi, kjo e fundit hap t\u00eb enjten kapitullin e ri n\u00eb negociatat p\u00ebr an\u00ebtar\u00ebsim n\u00eb bllokun evropian.<\/p>\n<p>Ministrja p\u00ebr Integrime Evropiane e Serbis\u00eb, Jadranka Joksimoviq, do ta udh\u00ebheq\u00eb delegacionin serb n\u00eb konferenc\u00ebn n\u00eb Bruksel, ku do t\u00eb hapet kapitulli i n\u00ebnt\u00eb i negociatave n\u00eb lidhje me sh\u00ebrbimet financiare.<\/p>\n<p>Pas konferenc\u00ebs, Joksimoviq dhe Komisionari p\u00ebr Zgjerim i BE-s\u00eb, Johannes Hahn, do t\u00eb n\u00ebnshkruajn\u00eb marr\u00ebveshjen financiare, IPA, p\u00ebr vitin 2018, e cila p\u00ebr Serbin\u00eb parasheh 179.1 milion\u00eb euro.<\/p>\n<p>Serbia deri m\u00eb tash ka hapur 16 kapituj n\u00eb negociatat me BE-n\u00eb, nga 35 n\u00eb total.<\/p>\n<p>Nga vendet e Ballkanit Per\u00ebndimor negociatat p\u00ebr an\u00ebtar\u00ebsim i kan\u00eb nisur, Mali i Zi dhe Serbia.<\/p>\n<p>Maqedonia e Veriut dhe Shqip\u00ebria mbeten n\u00eb pritje t\u00eb vendimit p\u00ebr nisjen e k\u00ebtyre negociatave, nd\u00ebrsa Kosova dhe Bosnja-Hercegovina kan\u00eb vet\u00ebm marr\u00ebveshje stabilizim-asociimi me BE-n\u00eb, q\u00eb \u00ebsht\u00eb hapi i par\u00eb drejt an\u00ebtar\u00ebsimit n\u00eb k\u00ebt\u00eb bllok.<\/p>\n<p>&nbsp;<\/p>\n","protected":false},"excerpt":{"rendered":"<p>N\u00eb konferenc\u00ebn nd\u00ebrqeveritare, Bashkimi Evropian-Serbi, kjo e fundit hap t\u00eb enjten kapitullin e ri n\u00eb negociatat p\u00ebr an\u00ebtar\u00ebsim n\u00eb bllokun evropian. Ministrja p\u00ebr Integrime Evropiane e Serbis\u00eb, Jadranka Joksimoviq, do ta udh\u00ebheq\u00eb delegacionin serb n\u00eb konferenc\u00ebn n\u00eb Bruksel, ku do t\u00eb hapet kapitulli i n\u00ebnt\u00eb i negociatave n\u00eb lidhje me sh\u00ebrbimet financiare. Pas konferenc\u00ebs, Joksimoviq [&hellip;]<\/p>\n","protected":false},"author":2013,"featured_media":92679,"comment_status":"open","ping_status":"closed","sticky":false,"template":"","format":"standard","meta":{"footnotes":""},"categories":[241,2],"tags":[],"class_list":{"0":"post-92678","1":"post","2":"type-post","3":"status-publish","4":"format-standard","5":"has-post-thumbnail","7":"category-aktualitet","8":"category-rajoni"},"_links":{"self":[{"href":"https:\/\/zjarr.tv\/sq\/wp-json\/wp\/v2\/posts\/92678","targetHints":{"allow":["GET"]}}],"collection":[{"href":"https:\/\/zjarr.tv\/sq\/wp-json\/wp\/v2\/posts"}],"about":[{"href":"https:\/\/zjarr.tv\/sq\/wp-json\/wp\/v2\/types\/post"}],"author":[{"embeddable":true,"href":"https:\/\/zjarr.tv\/sq\/wp-json\/wp\/v2\/users\/2013"}],"replies":[{"embeddable":true,"href":"https:\/\/zjarr.tv\/sq\/wp-json\/wp\/v2\/comments?post=92678"}],"version-history":[{"count":0,"href":"https:\/\/zjarr.tv\/sq\/wp-json\/wp\/v2\/posts\/92678\/revisions"}],"wp:featuredmedia":[{"embeddable":true,"href":"https:\/\/zjarr.tv\/sq\/wp-json\/wp\/v2\/media\/92679"}],"wp:attachment":[{"href":"https:\/\/zjarr.tv\/sq\/wp-json\/wp\/v2\/media?parent=92678"}],"wp:term":[{"taxonomy":"category","embeddable":true,"href":"https:\/\/zjarr.tv\/sq\/wp-json\/wp\/v2\/categories?post=92678"},{"taxonomy":"post_tag","embeddable":true,"href":"https:\/\/zjarr.tv\/sq\/wp-json\/wp\/v2\/tags?post=92678"}],"curies":[{"name":"wp","href":"https:\/\/api.w.org\/{rel}","templated":true}]}}