{"id":92687,"date":"2019-06-27T20:20:22","date_gmt":"2019-06-27T18:20:22","guid":{"rendered":"https:\/\/zjarr.tv\/?p=92687"},"modified":"2019-06-27T13:46:56","modified_gmt":"2019-06-27T11:46:56","slug":"nisin-kontaktet-e-para-flamurtari-dhe-prishtina-drejt-binjakezimit","status":"publish","type":"post","link":"https:\/\/zjarr.tv\/sq\/nisin-kontaktet-e-para-flamurtari-dhe-prishtina-drejt-binjakezimit\/","title":{"rendered":"Nisin kontaktet e para, Flamurtari dhe Prishtina drejt &#8220;binjak\u00ebzimit&#8221;"},"content":{"rendered":"<p>Ambientet e stadiumit &#8220;Fadil Vokrri&#8221; n\u00eb Prishtin\u00eb kan\u00eb pasur nj\u00eb vizitor special k\u00ebt\u00eb t\u00eb m\u00ebrkur\u00eb. Sinan Idrizi, administratori i Flamurtarit t\u00eb Vlor\u00ebs ka par\u00eb nga af\u00ebr infrastruktur\u00ebn dhe pun\u00ebn e zhvilluar n\u00eb impiantin e nd\u00ebrtuar n\u00eb Prishtin\u00eb.<\/p>\n<p>Por, ky nuk ishte misioni i vet\u00ebm i Idrizit n\u00eb kryeqytetin kosovar. Ai zhvilloi takime kok\u00eb \u00a0m\u00eb kok\u00eb me presidentin e klubit t\u00eb futbollit, Remzi Ejupi, i cili po p\u00ebrgatitet fort emocionalisht p\u00ebr t\u00eb par\u00eb ekipin e tij n\u00eb kompeticionet europiane.<\/p>\n<p>Gjithashtu, Ejupi \u00a0e njohu edhe me planet q\u00eb ka p\u00ebr kompleksin st\u00ebrvitor t\u00eb FC Prishtina. Nd\u00ebrkoh\u00eb, u diskutua edhe nj\u00eb bashk\u00ebpunim mes klubeve, ku pritet nj\u00eb takim miq\u00ebsor mes tyre.<\/p>\n","protected":false},"excerpt":{"rendered":"<p>Ambientet e stadiumit &#8220;Fadil Vokrri&#8221; n\u00eb Prishtin\u00eb kan\u00eb pasur nj\u00eb vizitor special k\u00ebt\u00eb t\u00eb m\u00ebrkur\u00eb. Sinan Idrizi, administratori i Flamurtarit t\u00eb Vlor\u00ebs ka par\u00eb nga af\u00ebr infrastruktur\u00ebn dhe pun\u00ebn e zhvilluar n\u00eb impiantin e nd\u00ebrtuar n\u00eb Prishtin\u00eb. Por, ky nuk ishte misioni i vet\u00ebm i Idrizit n\u00eb kryeqytetin kosovar. Ai zhvilloi takime kok\u00eb \u00a0m\u00eb kok\u00eb [&hellip;]<\/p>\n","protected":false},"author":2013,"featured_media":92688,"comment_status":"open","ping_status":"closed","sticky":false,"template":"","format":"standard","meta":{"footnotes":""},"categories":[241,192],"tags":[],"class_list":{"0":"post-92687","1":"post","2":"type-post","3":"status-publish","4":"format-standard","5":"has-post-thumbnail","7":"category-aktualitet","8":"category-sport"},"_links":{"self":[{"href":"https:\/\/zjarr.tv\/sq\/wp-json\/wp\/v2\/posts\/92687","targetHints":{"allow":["GET"]}}],"collection":[{"href":"https:\/\/zjarr.tv\/sq\/wp-json\/wp\/v2\/posts"}],"about":[{"href":"https:\/\/zjarr.tv\/sq\/wp-json\/wp\/v2\/types\/post"}],"author":[{"embeddable":true,"href":"https:\/\/zjarr.tv\/sq\/wp-json\/wp\/v2\/users\/2013"}],"replies":[{"embeddable":true,"href":"https:\/\/zjarr.tv\/sq\/wp-json\/wp\/v2\/comments?post=92687"}],"version-history":[{"count":0,"href":"https:\/\/zjarr.tv\/sq\/wp-json\/wp\/v2\/posts\/92687\/revisions"}],"wp:featuredmedia":[{"embeddable":true,"href":"https:\/\/zjarr.tv\/sq\/wp-json\/wp\/v2\/media\/92688"}],"wp:attachment":[{"href":"https:\/\/zjarr.tv\/sq\/wp-json\/wp\/v2\/media?parent=92687"}],"wp:term":[{"taxonomy":"category","embeddable":true,"href":"https:\/\/zjarr.tv\/sq\/wp-json\/wp\/v2\/categories?post=92687"},{"taxonomy":"post_tag","embeddable":true,"href":"https:\/\/zjarr.tv\/sq\/wp-json\/wp\/v2\/tags?post=92687"}],"curies":[{"name":"wp","href":"https:\/\/api.w.org\/{rel}","templated":true}]}}