{"id":92690,"date":"2019-06-27T20:30:44","date_gmt":"2019-06-27T18:30:44","guid":{"rendered":"https:\/\/zjarr.tv\/?p=92690"},"modified":"2019-06-27T13:48:15","modified_gmt":"2019-06-27T11:48:15","slug":"ndeshjet-europiane-kukesi-arratiset-drejt-shtetit-fqinj","status":"publish","type":"post","link":"https:\/\/zjarr.tv\/sq\/ndeshjet-europiane-kukesi-arratiset-drejt-shtetit-fqinj\/","title":{"rendered":"Ndeshjet europiane, Kuk\u00ebsi &#8220;arratiset&#8221; drejt shtetit fqinj"},"content":{"rendered":"<p>Elbasani nuk do t\u00eb jet\u00eb pjes\u00eb e p\u00ebrgatitjeve t\u00eb Kuk\u00ebsit. N\u00ebnkampion\u00ebt e vendit kan\u00eb njoftuar se kan\u00eb udh\u00ebtuar drejt Ohrit, aty ku do t\u00eb kryejn\u00eb faz\u00ebn p\u00ebrgatitore n\u00eb prag t\u00eb sezonit t\u00eb ardhsh\u00ebm, t\u00eb cilin e nis n\u00eb raundin e par\u00eb t\u00eb Europa League.<\/p>\n<p>Kushtet atmosferike t\u00eb favorshme e kan\u00eb detyruar ekipin e drejtuar nga Ernest Gjoka q\u00eb t\u00eb &#8220;arratiset&#8221; drejt Maqedonis\u00eb s\u00eb Veriut. N\u00eb Oh\u00ebr, Kuk\u00ebsi pritet t\u00eb kryer nj\u00eb faz\u00eb p\u00ebrgatitore mjaft intensive, ku natyrisht nuk do t\u00eb mungojn\u00eb edhe testet me ekipe vendase.<\/p>\n<p>Gjoka k\u00ebrkon q\u00eb t\u00eb konsolidoj\u00eb sa m\u00eb shum\u00eb grupin, teksa nuk p\u00ebrjashtohet ndonj\u00eb goditje e bujshme gjat\u00eb merkatos s\u00eb k\u00ebsaj vere.<\/p>\n<p>&nbsp;<\/p>\n","protected":false},"excerpt":{"rendered":"<p>Elbasani nuk do t\u00eb jet\u00eb pjes\u00eb e p\u00ebrgatitjeve t\u00eb Kuk\u00ebsit. N\u00ebnkampion\u00ebt e vendit kan\u00eb njoftuar se kan\u00eb udh\u00ebtuar drejt Ohrit, aty ku do t\u00eb kryejn\u00eb faz\u00ebn p\u00ebrgatitore n\u00eb prag t\u00eb sezonit t\u00eb ardhsh\u00ebm, t\u00eb cilin e nis n\u00eb raundin e par\u00eb t\u00eb Europa League. Kushtet atmosferike t\u00eb favorshme e kan\u00eb detyruar ekipin e drejtuar nga [&hellip;]<\/p>\n","protected":false},"author":2013,"featured_media":92691,"comment_status":"open","ping_status":"closed","sticky":false,"template":"","format":"standard","meta":{"footnotes":""},"categories":[241,192],"tags":[],"class_list":{"0":"post-92690","1":"post","2":"type-post","3":"status-publish","4":"format-standard","5":"has-post-thumbnail","7":"category-aktualitet","8":"category-sport"},"_links":{"self":[{"href":"https:\/\/zjarr.tv\/sq\/wp-json\/wp\/v2\/posts\/92690","targetHints":{"allow":["GET"]}}],"collection":[{"href":"https:\/\/zjarr.tv\/sq\/wp-json\/wp\/v2\/posts"}],"about":[{"href":"https:\/\/zjarr.tv\/sq\/wp-json\/wp\/v2\/types\/post"}],"author":[{"embeddable":true,"href":"https:\/\/zjarr.tv\/sq\/wp-json\/wp\/v2\/users\/2013"}],"replies":[{"embeddable":true,"href":"https:\/\/zjarr.tv\/sq\/wp-json\/wp\/v2\/comments?post=92690"}],"version-history":[{"count":0,"href":"https:\/\/zjarr.tv\/sq\/wp-json\/wp\/v2\/posts\/92690\/revisions"}],"wp:featuredmedia":[{"embeddable":true,"href":"https:\/\/zjarr.tv\/sq\/wp-json\/wp\/v2\/media\/92691"}],"wp:attachment":[{"href":"https:\/\/zjarr.tv\/sq\/wp-json\/wp\/v2\/media?parent=92690"}],"wp:term":[{"taxonomy":"category","embeddable":true,"href":"https:\/\/zjarr.tv\/sq\/wp-json\/wp\/v2\/categories?post=92690"},{"taxonomy":"post_tag","embeddable":true,"href":"https:\/\/zjarr.tv\/sq\/wp-json\/wp\/v2\/tags?post=92690"}],"curies":[{"name":"wp","href":"https:\/\/api.w.org\/{rel}","templated":true}]}}