{"id":92721,"date":"2019-06-27T14:22:26","date_gmt":"2019-06-27T12:22:26","guid":{"rendered":"https:\/\/zjarr.tv\/?p=92721"},"modified":"2019-06-27T14:22:26","modified_gmt":"2019-06-27T12:22:26","slug":"pedagoget-ne-rrethe-refuzojne-30-qershorin-zgjedhje-si-ne-irak","status":"publish","type":"post","link":"https:\/\/zjarr.tv\/sq\/pedagoget-ne-rrethe-refuzojne-30-qershorin-zgjedhje-si-ne-irak\/","title":{"rendered":"Pedagog\u00ebt n\u00eb rrethe refuzojn\u00eb 30 qershorin: Zgjedhje si n\u00eb Irak"},"content":{"rendered":"<p>Intelektual\u00eb, sportist\u00eb, artist\u00eb vijojn\u00eb t\u00eb shp\u00ebrndajn\u00eb n\u00eb rrjetet sociale mesazhin n\u00ebp\u00ebrmjet hashtag #edheune, ku p\u00ebrcillet vendosm\u00ebria e tyre p\u00ebr t\u00eb mos marr\u00eb pjes\u00eb n\u00eb votimet e 30 qershorit, t\u00eb anuluara tashm\u00eb me dekret t\u00eb Presidentit t\u00eb Republik\u00ebs, Ilir Meta.<\/p>\n<p>Ish-studenti i dhjetorit \u201991 Ardi Stefa shkruan: Gishti im nuk do t\u00eb nxihet t\u00eb diel\u00ebn.<\/p>\n<p>Edhe pedagog\u00ebt n\u00eb rrethet e vendit shprehen publikisht kund\u00ebr votimeve me nj\u00eb parti pas 30 vitesh pluraliz\u00ebm.<\/p>\n<p>Pedagogu i Universitetit t\u00eb Tiran\u00ebs Romeo Hanxhari, shtron arsyen e forte se p\u00ebrse \u00ebsht\u00eb kund\u00ebr k\u00ebtyre votimeve, duke ironizuar me nj\u00eb flet\u00eb tall\u00ebse votimi, t\u00eb shperndar\u00eb gjat\u00eb zgjedhjeve n\u00eb Irak.<\/p>\n<p>\u201cDo t\u00eb shkoj t\u00eb votoj me k\u00ebt\u00eb flet\u00eb votimi t\u00eb Sadamit: shikojeni, ishte demokratike, kishte mund\u00ebsi zgjedhje, dhe nuk ishte faji i Sadamit n\u00ebse ai fitonte me 99,9999999999% t\u00eb votave\u201d, shkruan pedagogu.<br \/>\nPedagogja e Universitetit t\u00eb Vlor\u00ebs Liza Zykaj, i bashkohet nism\u00ebs #edheune e cila thekson se \u201cNuk ka votim t\u00eb lir\u00eb, pa alternativ\u00eb zgjedhje!\u201d<\/p>\n<p>M\u00eb tej ajo thekson se \u201cKemi vendosur t\u00eb jetojm\u00eb n\u00eb k\u00ebt\u00eb vend ku vota duhet t\u00eb ket\u00eb pesh\u00eb p\u00ebr f\u00ebmij\u00ebt dhe brezat q\u00eb kemi edukuar\u201d.<\/p>\n<p>&nbsp;<\/p>\n","protected":false},"excerpt":{"rendered":"<p>Intelektual\u00eb, sportist\u00eb, artist\u00eb vijojn\u00eb t\u00eb shp\u00ebrndajn\u00eb n\u00eb rrjetet sociale mesazhin n\u00ebp\u00ebrmjet hashtag #edheune, ku p\u00ebrcillet vendosm\u00ebria e tyre p\u00ebr t\u00eb mos marr\u00eb pjes\u00eb n\u00eb votimet e 30 qershorit, t\u00eb anuluara tashm\u00eb me dekret t\u00eb Presidentit t\u00eb Republik\u00ebs, Ilir Meta. Ish-studenti i dhjetorit \u201991 Ardi Stefa shkruan: Gishti im nuk do t\u00eb nxihet t\u00eb diel\u00ebn. Edhe [&hellip;]<\/p>\n","protected":false},"author":2013,"featured_media":92135,"comment_status":"open","ping_status":"closed","sticky":false,"template":"","format":"standard","meta":{"footnotes":""},"categories":[241,235],"tags":[],"class_list":{"0":"post-92721","1":"post","2":"type-post","3":"status-publish","4":"format-standard","5":"has-post-thumbnail","7":"category-aktualitet","8":"category-vendi"},"_links":{"self":[{"href":"https:\/\/zjarr.tv\/sq\/wp-json\/wp\/v2\/posts\/92721","targetHints":{"allow":["GET"]}}],"collection":[{"href":"https:\/\/zjarr.tv\/sq\/wp-json\/wp\/v2\/posts"}],"about":[{"href":"https:\/\/zjarr.tv\/sq\/wp-json\/wp\/v2\/types\/post"}],"author":[{"embeddable":true,"href":"https:\/\/zjarr.tv\/sq\/wp-json\/wp\/v2\/users\/2013"}],"replies":[{"embeddable":true,"href":"https:\/\/zjarr.tv\/sq\/wp-json\/wp\/v2\/comments?post=92721"}],"version-history":[{"count":0,"href":"https:\/\/zjarr.tv\/sq\/wp-json\/wp\/v2\/posts\/92721\/revisions"}],"wp:featuredmedia":[{"embeddable":true,"href":"https:\/\/zjarr.tv\/sq\/wp-json\/wp\/v2\/media\/92135"}],"wp:attachment":[{"href":"https:\/\/zjarr.tv\/sq\/wp-json\/wp\/v2\/media?parent=92721"}],"wp:term":[{"taxonomy":"category","embeddable":true,"href":"https:\/\/zjarr.tv\/sq\/wp-json\/wp\/v2\/categories?post=92721"},{"taxonomy":"post_tag","embeddable":true,"href":"https:\/\/zjarr.tv\/sq\/wp-json\/wp\/v2\/tags?post=92721"}],"curies":[{"name":"wp","href":"https:\/\/api.w.org\/{rel}","templated":true}]}}