{"id":92726,"date":"2019-06-27T14:24:52","date_gmt":"2019-06-27T12:24:52","guid":{"rendered":"https:\/\/zjarr.tv\/?p=92726"},"modified":"2019-06-27T14:24:52","modified_gmt":"2019-06-27T12:24:52","slug":"kandidatet-per-spak-intervistimi-ne-datat-8-12-korrik","status":"publish","type":"post","link":"https:\/\/zjarr.tv\/sq\/kandidatet-per-spak-intervistimi-ne-datat-8-12-korrik\/","title":{"rendered":"Kandidat\u00ebt p\u00ebr SPAK, intervistimi n\u00eb datat 8-12 korrik"},"content":{"rendered":"<p>Duke filluar nga data 8 korrik dhe deri me 12 do t\u00eb b\u00ebhet intervistimi i 23 kandidat\u00ebve t\u00eb mbetur p\u00ebr SPAK.<\/p>\n<p>Nj\u00eb fakt i till\u00eb u b\u00eb me dije nga kreu i K\u00ebshillit t\u00eb Lart\u00eb t\u00eb Prokuroris\u00eb, Gent Ibrahimi n\u00eb mbledhjen e sotme.<\/p>\n<p>Ibrahimi shtoi se pas intervistimit, i cili do t\u00eb jet\u00eb publik dhe n\u00eb pranin\u00eb e kamerave, do t\u00eb b\u00ebhet pik\u00ebzimi i 23 kandidat\u00ebve t\u00eb mbetur n\u00eb gar\u00eb.<\/p>\n<p>Kreu i KLP deklaroi se SPAK mund t\u00eb krijohet edhe me nj\u00eb num\u00ebr minimal an\u00ebtar\u00ebsh, edhe m\u00eb pak se 10, n\u00eb var\u00ebsi t\u00eb vendimit q\u00eb do t\u00eb marr\u00eb KLP.<\/p>\n<p>Nd\u00ebrkoh\u00eb, p\u00ebrsa i p\u00ebrket procesit t\u00eb Vettingut, deri m\u00eb tani e kan\u00eb kaluar vet\u00ebm 10 nga 23 kandidat\u00ebt e mbetur, nd\u00ebrsa pritet q\u00eb t&#8217;a kalojn\u00eb edhe prokuror\u00ebt e mbetur.<\/p>\n<p>Ibrahimi tha se procesi n\u00eb p\u00ebrgjegj\u00ebsi t\u00eb KLP-s\u00eb pritet t\u00eb p\u00ebrfundoj\u00eb p\u00ebrgjat\u00eb muajit korrik.<\/p>\n<p>&nbsp;<\/p>\n","protected":false},"excerpt":{"rendered":"<p>Duke filluar nga data 8 korrik dhe deri me 12 do t\u00eb b\u00ebhet intervistimi i 23 kandidat\u00ebve t\u00eb mbetur p\u00ebr SPAK. Nj\u00eb fakt i till\u00eb u b\u00eb me dije nga kreu i K\u00ebshillit t\u00eb Lart\u00eb t\u00eb Prokuroris\u00eb, Gent Ibrahimi n\u00eb mbledhjen e sotme. Ibrahimi shtoi se pas intervistimit, i cili do t\u00eb jet\u00eb publik dhe [&hellip;]<\/p>\n","protected":false},"author":2013,"featured_media":92727,"comment_status":"open","ping_status":"closed","sticky":false,"template":"","format":"standard","meta":{"footnotes":""},"categories":[241,235],"tags":[],"class_list":{"0":"post-92726","1":"post","2":"type-post","3":"status-publish","4":"format-standard","5":"has-post-thumbnail","7":"category-aktualitet","8":"category-vendi"},"_links":{"self":[{"href":"https:\/\/zjarr.tv\/sq\/wp-json\/wp\/v2\/posts\/92726","targetHints":{"allow":["GET"]}}],"collection":[{"href":"https:\/\/zjarr.tv\/sq\/wp-json\/wp\/v2\/posts"}],"about":[{"href":"https:\/\/zjarr.tv\/sq\/wp-json\/wp\/v2\/types\/post"}],"author":[{"embeddable":true,"href":"https:\/\/zjarr.tv\/sq\/wp-json\/wp\/v2\/users\/2013"}],"replies":[{"embeddable":true,"href":"https:\/\/zjarr.tv\/sq\/wp-json\/wp\/v2\/comments?post=92726"}],"version-history":[{"count":0,"href":"https:\/\/zjarr.tv\/sq\/wp-json\/wp\/v2\/posts\/92726\/revisions"}],"wp:featuredmedia":[{"embeddable":true,"href":"https:\/\/zjarr.tv\/sq\/wp-json\/wp\/v2\/media\/92727"}],"wp:attachment":[{"href":"https:\/\/zjarr.tv\/sq\/wp-json\/wp\/v2\/media?parent=92726"}],"wp:term":[{"taxonomy":"category","embeddable":true,"href":"https:\/\/zjarr.tv\/sq\/wp-json\/wp\/v2\/categories?post=92726"},{"taxonomy":"post_tag","embeddable":true,"href":"https:\/\/zjarr.tv\/sq\/wp-json\/wp\/v2\/tags?post=92726"}],"curies":[{"name":"wp","href":"https:\/\/api.w.org\/{rel}","templated":true}]}}