{"id":92733,"date":"2019-06-27T15:06:28","date_gmt":"2019-06-27T13:06:28","guid":{"rendered":"https:\/\/zjarr.tv\/?p=92733"},"modified":"2019-06-27T15:06:28","modified_gmt":"2019-06-27T13:06:28","slug":"presidenti-meta-mesazh-rames-edi-reflekto","status":"publish","type":"post","link":"https:\/\/zjarr.tv\/sq\/presidenti-meta-mesazh-rames-edi-reflekto\/","title":{"rendered":"Presidenti Meta mesazh Ram\u00ebs: Edi reflekto"},"content":{"rendered":"<p>I pyetur nga gazetar\u00ebt n\u00eb lidhje me reagimin e Edi Ram\u00ebs, i cili nuk e njeh dekretin e ri t\u00eb dat\u00ebs s\u00eb zgjedhjeve, Presidenti Ilir Meta \u00ebsht\u00eb shprehur se nuk duhet q\u00eb populli t\u00eb ndahet.<\/p>\n<p>Pyetje: Po Rama e ka kund\u00ebrshtuar dat\u00ebn e re t\u00eb zgjedhjeve<\/p>\n<p>Meta:\u00a0Un\u00eb shpresoj n\u00eb reflektimin e t\u00eb gjith\u00ebve. Se cili \u00ebsht\u00eb q\u00ebndrimi i Ram\u00ebs \u00ebsht\u00eb i tiji n\u00eb raport me paqen sociale.<\/p>\n<p>Axhenda ime nuk \u00ebsht\u00eb Rama ik, por Edi reflekto! Jo provokime t\u00eb nj\u00eb shteti paralel.<\/p>\n<p>Ju kujtoni se un\u00eb jam kaq i pashpres\u00eb q\u00eb ai nuk do t\u00eb reflektoj\u00eb?!<\/p>\n<p>Kemi or\u00eb, kemi dit\u00eb. Sepse t\u00eb gjith\u00eb shqiptar\u00ebt jan\u00eb t\u00eb shqet\u00ebsuar.<\/p>\n<p>&nbsp;<\/p>\n","protected":false},"excerpt":{"rendered":"<p>I pyetur nga gazetar\u00ebt n\u00eb lidhje me reagimin e Edi Ram\u00ebs, i cili nuk e njeh dekretin e ri t\u00eb dat\u00ebs s\u00eb zgjedhjeve, Presidenti Ilir Meta \u00ebsht\u00eb shprehur se nuk duhet q\u00eb populli t\u00eb ndahet. Pyetje: Po Rama e ka kund\u00ebrshtuar dat\u00ebn e re t\u00eb zgjedhjeve Meta:\u00a0Un\u00eb shpresoj n\u00eb reflektimin e t\u00eb gjith\u00ebve. Se cili [&hellip;]<\/p>\n","protected":false},"author":2013,"featured_media":85288,"comment_status":"open","ping_status":"closed","sticky":false,"template":"","format":"standard","meta":{"footnotes":""},"categories":[241,235],"tags":[],"class_list":{"0":"post-92733","1":"post","2":"type-post","3":"status-publish","4":"format-standard","5":"has-post-thumbnail","7":"category-aktualitet","8":"category-vendi"},"_links":{"self":[{"href":"https:\/\/zjarr.tv\/sq\/wp-json\/wp\/v2\/posts\/92733","targetHints":{"allow":["GET"]}}],"collection":[{"href":"https:\/\/zjarr.tv\/sq\/wp-json\/wp\/v2\/posts"}],"about":[{"href":"https:\/\/zjarr.tv\/sq\/wp-json\/wp\/v2\/types\/post"}],"author":[{"embeddable":true,"href":"https:\/\/zjarr.tv\/sq\/wp-json\/wp\/v2\/users\/2013"}],"replies":[{"embeddable":true,"href":"https:\/\/zjarr.tv\/sq\/wp-json\/wp\/v2\/comments?post=92733"}],"version-history":[{"count":0,"href":"https:\/\/zjarr.tv\/sq\/wp-json\/wp\/v2\/posts\/92733\/revisions"}],"wp:featuredmedia":[{"embeddable":true,"href":"https:\/\/zjarr.tv\/sq\/wp-json\/wp\/v2\/media\/85288"}],"wp:attachment":[{"href":"https:\/\/zjarr.tv\/sq\/wp-json\/wp\/v2\/media?parent=92733"}],"wp:term":[{"taxonomy":"category","embeddable":true,"href":"https:\/\/zjarr.tv\/sq\/wp-json\/wp\/v2\/categories?post=92733"},{"taxonomy":"post_tag","embeddable":true,"href":"https:\/\/zjarr.tv\/sq\/wp-json\/wp\/v2\/tags?post=92733"}],"curies":[{"name":"wp","href":"https:\/\/api.w.org\/{rel}","templated":true}]}}