{"id":92738,"date":"2019-06-27T15:39:14","date_gmt":"2019-06-27T13:39:14","guid":{"rendered":"https:\/\/zjarr.tv\/?p=92738"},"modified":"2019-06-27T15:39:14","modified_gmt":"2019-06-27T13:39:14","slug":"spiropali-pyet-meten-kush-do-i-beje-zgjedhjet-e-13-tetorit","status":"publish","type":"post","link":"https:\/\/zjarr.tv\/sq\/spiropali-pyet-meten-kush-do-i-beje-zgjedhjet-e-13-tetorit\/","title":{"rendered":"Spiropali pyet Met\u00ebn: Kush do i b\u00ebj\u00eb zgjedhjet e 13 tetorit?!"},"content":{"rendered":"<p>Ministrja e Shtetit p\u00ebr Marr\u00ebdh\u00ebniet me Parlamentin, Elisa Spiropali, ka reaguar menj\u00ebher\u00eb pas deklarat\u00ebs publike t\u00eb Presidentit Ilir Meta, i cili caktoi 13 tetorin si dat\u00ebn e re t\u00eb zgjedhjeve vendore.<\/p>\n<p>N\u00eb nj\u00eb mesazh n\u00eb \u201cTwitter\u201d, Spiropali shtron pyetjen se kush do t\u2019i organizoj\u00eb zgjedhjet e 13 tetorit, pasi sipas saj, KQZ, KZAZ de Kolegji Zgjedhor e kan\u00eb th\u00ebn\u00eb fjal\u00ebn e tyre.<\/p>\n<p>\u201cTa pyes\u00eb dikush Qamet\u00ebn kush do t\u2019i organizoj\u00eb zgjedhjet e 13 tetorit, se KQZ, KZAZ dhe vet\u00eb Kolegji Zgjedhor e kan\u00eb th\u00ebn\u00eb fjal\u00ebn e tyre? Se s\u2019po pyesim si do ia b\u00ebjm\u00eb me BE dhe Amerik\u00ebn, sepse Haxhiut t\u00eb Dyt\u00eb i mjafton Luli me Monik\u00ebn!\u201d, shkruan Spiropali.<\/p>\n<p>&nbsp;<\/p>\n","protected":false},"excerpt":{"rendered":"<p>Ministrja e Shtetit p\u00ebr Marr\u00ebdh\u00ebniet me Parlamentin, Elisa Spiropali, ka reaguar menj\u00ebher\u00eb pas deklarat\u00ebs publike t\u00eb Presidentit Ilir Meta, i cili caktoi 13 tetorin si dat\u00ebn e re t\u00eb zgjedhjeve vendore. N\u00eb nj\u00eb mesazh n\u00eb \u201cTwitter\u201d, Spiropali shtron pyetjen se kush do t\u2019i organizoj\u00eb zgjedhjet e 13 tetorit, pasi sipas saj, KQZ, KZAZ de Kolegji [&hellip;]<\/p>\n","protected":false},"author":2013,"featured_media":69799,"comment_status":"open","ping_status":"closed","sticky":false,"template":"","format":"standard","meta":{"footnotes":""},"categories":[241,235],"tags":[],"class_list":{"0":"post-92738","1":"post","2":"type-post","3":"status-publish","4":"format-standard","5":"has-post-thumbnail","7":"category-aktualitet","8":"category-vendi"},"_links":{"self":[{"href":"https:\/\/zjarr.tv\/sq\/wp-json\/wp\/v2\/posts\/92738","targetHints":{"allow":["GET"]}}],"collection":[{"href":"https:\/\/zjarr.tv\/sq\/wp-json\/wp\/v2\/posts"}],"about":[{"href":"https:\/\/zjarr.tv\/sq\/wp-json\/wp\/v2\/types\/post"}],"author":[{"embeddable":true,"href":"https:\/\/zjarr.tv\/sq\/wp-json\/wp\/v2\/users\/2013"}],"replies":[{"embeddable":true,"href":"https:\/\/zjarr.tv\/sq\/wp-json\/wp\/v2\/comments?post=92738"}],"version-history":[{"count":0,"href":"https:\/\/zjarr.tv\/sq\/wp-json\/wp\/v2\/posts\/92738\/revisions"}],"wp:featuredmedia":[{"embeddable":true,"href":"https:\/\/zjarr.tv\/sq\/wp-json\/wp\/v2\/media\/69799"}],"wp:attachment":[{"href":"https:\/\/zjarr.tv\/sq\/wp-json\/wp\/v2\/media?parent=92738"}],"wp:term":[{"taxonomy":"category","embeddable":true,"href":"https:\/\/zjarr.tv\/sq\/wp-json\/wp\/v2\/categories?post=92738"},{"taxonomy":"post_tag","embeddable":true,"href":"https:\/\/zjarr.tv\/sq\/wp-json\/wp\/v2\/tags?post=92738"}],"curies":[{"name":"wp","href":"https:\/\/api.w.org\/{rel}","templated":true}]}}