{"id":92740,"date":"2019-06-27T15:40:30","date_gmt":"2019-06-27T13:40:30","guid":{"rendered":"https:\/\/zjarr.tv\/?p=92740"},"modified":"2019-06-27T15:40:30","modified_gmt":"2019-06-27T13:40:30","slug":"idrizi-ne-nuk-luftojme-per-prona-duam-te-kthehemi-ne-trojet-tona","status":"publish","type":"post","link":"https:\/\/zjarr.tv\/sq\/idrizi-ne-nuk-luftojme-per-prona-duam-te-kthehemi-ne-trojet-tona\/","title":{"rendered":"Idrizi: Ne nuk luftojm\u00eb p\u00ebr prona, duam t\u00eb kthehemi n\u00eb trojet tona"},"content":{"rendered":"<p>27 Qershori, \u00ebsht\u00eb dita e Genocidit dhe spastrimit etnik grek mbi shqiptar\u00ebt e \u00c7am\u00ebris\u00eb. N\u00eb vitin 1944-r, shqiptar\u00ebt e \u00c7am\u00ebris\u00eb u larguan me dhun\u00eb nga trojet e tyre, ku f\u00ebmij\u00eb, gra dhe t\u00eb moshuar u vran\u00eb n\u00eb sht\u00ebpit\u00eb ku kishin lindur e ishin rritur. Shoqata Patriotike \u201c\u00c7am\u00ebria\u201d dhe PDIU kan\u00eb p\u00ebrkujtuar k\u00ebt\u00eb 75-vjetor me nj\u00eb ekspozit\u00eb t\u00eb ve\u00e7ant\u00eb, t\u00eb quajtur \u201c75 vjet Genocid, Koha p\u00ebr \u00c7am\u00ebrin\u00eb\u201d. N\u00eb k\u00ebt\u00eb ekspozit\u00eb u zbuluan p\u00ebr her\u00eb t\u00eb par\u00eb foto nga Genocidi, nga \u00c7am\u00ebria dhe nga Kampi i refugjat\u00ebve \u00e7am\u00eb t\u00eb Kavaj\u00ebs, t\u00eb vitit 1945, aty ku u vendos\u00ebn p\u00ebrkoh\u00ebsisht shqiptar\u00ebt e \u00c7am\u00ebris\u00eb, pasi u larguan me dhun\u00eb nga trojet e tyre. T\u00eb pranish\u00ebm n\u00eb k\u00ebt\u00eb aktivitet, ishte kryetari i PDIU-s\u00eb Shp\u00ebtim Idrizi, Aqif Rakipi, Mesila Doda dhe kryetari i Shoqat\u00ebs Patriotike \u00c7am\u00ebria, Dritan Sejko. Po k\u00ebshtu t\u00eb pranish\u00ebm ishin edhe ish-deputet\u00ebt e PD-s\u00eb, Albana Vokshi dhe Edmond Spaho.<\/p>\n<p>Kryetari i PDIU-s\u00eb Shp\u00ebtim Idrizi tha se kur djemt\u00eb \u00e7am\u00eb duan t\u00eb gjejn\u00eb forc\u00eb, t\u00eb k\u00ebrcejn vallen e \u201cOsman Tak\u00ebs\u201d, t\u00eb shoq\u00ebruar nga vajzat me vallen \u201c\u00c7amiko\u201d dhe \u201cTumankuqe\u201d.<\/p>\n<p>\u201cSot n\u00eb 27 Qershor p\u00ebr t\u00eb kujtuar dhe rikujtuar me forc\u00eb 75-vjetorin e Genocidit dhe spastrimit etnik mbi shqiptar\u00ebt e \u00c7am\u00ebris\u00eb. U masakruan n\u00eb nj\u00eb koh\u00eb t\u00eb shkurt\u00ebr rreth 20% e popullsis\u00eb s\u00eb shqiptar\u00ebve t\u00eb \u00c7am\u00ebris\u00eb, pleq, gra dhe f\u00ebmij\u00eb dhe ku u krye nj\u00eb spastrim etnik i mbi 90% t\u00eb shqiptar\u00ebve t\u00eb \u00c7am\u00ebris\u00eb. Ky spastrim \u00ebsht\u00eb nga m\u00eb barbar\u00ebt n\u00eb historin\u00eb e njer\u00ebzimit.<\/p>\n<p>Shqiptar\u00ebt e \u00c7am\u00ebris\u00eb u masakruan n\u00eb sof\u00ebr, me buk\u00ebn n\u00eb goj\u00eb, u masakruan n\u00eb pragjet e sht\u00ebpive t\u00eb tyre, duke mos kursyer as foshnjat dhe as t\u00eb moshuarit. Ata u masakruan vet\u00ebm pse ishin shqiptar\u00eb. \u00c7am\u00ebria \u00ebsht\u00eb vendi i tempullit t\u00eb Dodon\u00ebs, ku zotat flisnin shqip, \u00ebsht\u00eb vendi i Lumit t\u00eb Akeronit, ku nga mitologjia \u00ebsht\u00eb lumi q\u00eb lidhte dy bot\u00eb. \u00c7am\u00ebria \u00ebsht\u00eb vendi i miteve t\u00eb m\u00ebdha, kultur\u00ebs, historis\u00eb dhe vazhdim\u00ebsis\u00eb s\u00eb iliro-pellazga\u00ebve, \u00ebsht\u00eb vendi i Pirros s\u00eb Epirit. Sot e njohim \u00c7am\u00ebrin\u00eb nga k\u00ebng\u00ebt dhe vallet epike, si\u00e7 \u00ebsht\u00eb ajo e \u201cOsman Tak\u00ebs\u201d.<\/p>\n<p>Osman Taka \u00ebsht\u00eb nj\u00eb valle e lasht\u00eb eipirjote, q\u00eb n\u00eb koh\u00ebn e Pirros s\u00eb Epirit. K\u00ebng\u00eb t\u00eb tjera si \u201cTumankuqja\u201d apo \u201c\u00c7elo Mezani\u201d, e b\u00ebjn\u00eb krenare krahin\u00ebn e \u00c7am\u00ebris\u00eb. Ne jemi nj\u00eb popull vital dhe q\u00eb nuk na mund harresa. Ne do t\u00eb themi gjithmon\u00eb \u201c\u00cbsht\u00eb Koha p\u00ebr \u00c7am\u00ebrin\u00eb\u201d.<\/p>\n<p>E kur t\u00eb na duhet t\u00eb gjejm\u00eb forc\u00eb, djemt\u00eb e \u00c7am\u00ebris\u00eb duhet t\u00eb k\u00ebrcejn\u00eb Osman Tak\u00ebn dhe ti shoq\u00ebrojn\u00eb vajzat \u00e7ame me vallen \u201c\u00c7amiko\u201d e \u201cTumankuqe\u201d. E kur duam t\u00eb ndjejm\u00eb dhimbje, le t\u00eb na drith\u00ebroj\u00eb k\u00ebnga e \u201c\u00c7elo Mezanit\u201d. Ne Shqiptar\u00ebt e \u00c7am\u00ebris\u00eb nuk do t\u00eb lodhemi kurr\u00eb, nuk do t\u00eb rershtim kurr\u00eb s\u00eb k\u00ebrkuari drejt\u00ebsi p\u00ebr \u00c7am\u00ebrin\u00eb. Do t\u00eb luftojm\u00eb p\u00ebr tu kthyer n\u00eb vatrat tona, sepse edhe \u00e7ami i fundit t\u00eb mbetet, NE do t\u00eb k\u00ebrkojm\u00eb q\u00eb ai t\u00eb jet\u00eb prij\u00ebsi yn\u00eb dhe t\u00eb kthehemi n\u00eb \u00c7am\u00ebri, pavarsisht q\u00eb besoj se kurr\u00eb, nuk do t\u00eb ngelet \u00e7ami i fundit, sepse ne rritemi \u00e7do dit\u00eb\u201d, \u2013 u shpreh z.Idrizi.<\/p>\n<p>Kryetari i PDIU-s\u00eb theksoi se nuk luftojm\u00eb p\u00ebr prona, por duam t\u00eb kthehemi n\u00eb trojet tona.<br \/>\n\u201cNe jemi t\u00eb bindur q\u00eb do t\u00eb trimufoj\u00eb drejt\u00ebsia, p\u00ebr nj\u00eb nga popujt m\u00eb t\u00eb persekutuar, me kaq shum\u00eb drama e fatkeq\u00ebsi. Me kaq shum\u00eb drama, p\u00ebr t\u00eb mbajtur lart emrin e \u00c7am\u00ebris\u00eb. Kan\u00eb kaluar 75-vjet, por NE shqiptar\u00ebt e \u00c7am\u00ebris\u00eb duhet t\u00eb jemi krenar, sepse kurr\u00eb nuk e harruam \u00c7am\u00ebrin\u00eb. Ne nuk luftojm\u00eb p\u00ebr prona, por duam t\u00eb kthehemi n\u00eb trojet tona.<\/p>\n<p>Ftoj t\u00eb gjith\u00eb shqiptar\u00ebt e \u00c7am\u00ebris\u00eb t\u00eb bashkohen te Shoqata \u00c7am\u00ebria dhe ejani t\u00eb b\u00ebjm\u00eb debat tek Partia Drejt\u00ebsi, Integrim dhe Unitet. Eja t\u00eb b\u00ebhemi bashk\u00eb, sepse bashk\u00eb kemi shum\u00eb m\u00eb tep\u00ebr mendje dhe forc\u00eb\u201d, \u2013 tha Shp\u00ebtim Idrizi.<\/p>\n<p>Kryetari i Shoqat\u00ebs \u00c7am\u00ebria Dritan Sejko u shpreh se: Ne shqiptar\u00ebt e \u00c7am\u00ebris\u00eb nuk harrojm\u00eb kurr\u00eb Genocidin dhe se gjithmon\u00eb do luftojm\u00eb p\u00ebr tu kthyer n\u00eb \u00c7am\u00ebri.<\/p>\n<p>Alket Veliu tha se pavarsisht se kan\u00eb kaluar 75-vite, sot tragjedia e \u00c7am\u00ebris\u00eb \u00ebsht\u00eb shum\u00eb e fresk\u00ebt dhe nuk do t\u00eb harrohet kurr\u00eb. Specialisti i Arkivit t\u00eb Shtetit Lorenc Agalliu, tha se: Kjo ekspozit\u00eb tregon tragjedin\u00eb ndaj nj\u00eb popull\u00ebsi q\u00eb ndodhi n\u00eb vitin 1944-t\u00eb.<\/p>\n<p>&nbsp;<\/p>\n","protected":false},"excerpt":{"rendered":"<p>27 Qershori, \u00ebsht\u00eb dita e Genocidit dhe spastrimit etnik grek mbi shqiptar\u00ebt e \u00c7am\u00ebris\u00eb. N\u00eb vitin 1944-r, shqiptar\u00ebt e \u00c7am\u00ebris\u00eb u larguan me dhun\u00eb nga trojet e tyre, ku f\u00ebmij\u00eb, gra dhe t\u00eb moshuar u vran\u00eb n\u00eb sht\u00ebpit\u00eb ku kishin lindur e ishin rritur. Shoqata Patriotike \u201c\u00c7am\u00ebria\u201d dhe PDIU kan\u00eb p\u00ebrkujtuar k\u00ebt\u00eb 75-vjetor me nj\u00eb [&hellip;]<\/p>\n","protected":false},"author":2013,"featured_media":49618,"comment_status":"open","ping_status":"closed","sticky":false,"template":"","format":"standard","meta":{"footnotes":""},"categories":[241,235],"tags":[],"class_list":{"0":"post-92740","1":"post","2":"type-post","3":"status-publish","4":"format-standard","5":"has-post-thumbnail","7":"category-aktualitet","8":"category-vendi"},"_links":{"self":[{"href":"https:\/\/zjarr.tv\/sq\/wp-json\/wp\/v2\/posts\/92740","targetHints":{"allow":["GET"]}}],"collection":[{"href":"https:\/\/zjarr.tv\/sq\/wp-json\/wp\/v2\/posts"}],"about":[{"href":"https:\/\/zjarr.tv\/sq\/wp-json\/wp\/v2\/types\/post"}],"author":[{"embeddable":true,"href":"https:\/\/zjarr.tv\/sq\/wp-json\/wp\/v2\/users\/2013"}],"replies":[{"embeddable":true,"href":"https:\/\/zjarr.tv\/sq\/wp-json\/wp\/v2\/comments?post=92740"}],"version-history":[{"count":0,"href":"https:\/\/zjarr.tv\/sq\/wp-json\/wp\/v2\/posts\/92740\/revisions"}],"wp:featuredmedia":[{"embeddable":true,"href":"https:\/\/zjarr.tv\/sq\/wp-json\/wp\/v2\/media\/49618"}],"wp:attachment":[{"href":"https:\/\/zjarr.tv\/sq\/wp-json\/wp\/v2\/media?parent=92740"}],"wp:term":[{"taxonomy":"category","embeddable":true,"href":"https:\/\/zjarr.tv\/sq\/wp-json\/wp\/v2\/categories?post=92740"},{"taxonomy":"post_tag","embeddable":true,"href":"https:\/\/zjarr.tv\/sq\/wp-json\/wp\/v2\/tags?post=92740"}],"curies":[{"name":"wp","href":"https:\/\/api.w.org\/{rel}","templated":true}]}}