{"id":92747,"date":"2019-06-27T15:49:19","date_gmt":"2019-06-27T13:49:19","guid":{"rendered":"https:\/\/zjarr.tv\/?p=92747"},"modified":"2019-06-27T15:49:19","modified_gmt":"2019-06-27T13:49:19","slug":"rrezimi-i-kerkeses-se-puk-zbardhet-vendimi-i-kolegjit","status":"publish","type":"post","link":"https:\/\/zjarr.tv\/sq\/rrezimi-i-kerkeses-se-puk-zbardhet-vendimi-i-kolegjit\/","title":{"rendered":"Rr\u00ebzimi i k\u00ebrkes\u00ebs s\u00eb PUK, zbardhet vendimi i Kolegjit"},"content":{"rendered":"<p>\u00cbsht\u00eb zbardhur vendimi i Kolegjit Zgjedhor p\u00ebr rastin e rr\u00ebzimit t\u00eb k\u00ebrkes\u00ebs s\u00eb b\u00ebr\u00eb nga ana e PUK p\u00ebr anulimin e zgjedhjeve t\u00eb 30 qershorit.<\/p>\n<p>Kolegji thot\u00eb se dekreti p\u00ebr anulimin e zgjedhjeve t\u00eb 30 qershorit \u00ebsht\u00eb i pavlefsh\u00ebm.<\/p>\n<p><strong>Pjes\u00eb nga vendimi i Kolegjit Zgjedhor:<\/strong><\/p>\n<p>N\u00eb analiz\u00eb t\u00eb vendimit objekt kund\u00ebrshtimi dhe shqyrtimit t\u00eb provave t\u00eb administruara n\u00eb gjykim, Kolegji \u00e7mon si t\u00eb drejt\u00eb dhe t\u00eb bazuar n\u00eb ligj vler\u00ebsimin e KQZ-s\u00eb se Dekreti nr.11199, dat\u00eb 10.06.2019 \u00ebsht\u00eb nj\u00eb akt absolutisht i pavlefsh\u00ebm. N\u00eb bindjen e Kolegjit Zgjedhor, ky Dekret i dyt\u00eb, i cili shfuqizon Dekretin e dat\u00ebs 05.11.2018 \u201cP\u00ebr zhvillimin e zgjedhjeve p\u00ebr organet e qeverisjes vendore<\/p>\n<p>M\u00eb dat\u00eb 30 qershor 2019\u201d \u00ebsht\u00eb akt administrativ absolutisht i pavlefsh\u00ebm, n\u00eb kuptim t\u00eb nenit 108, paragrafi 2, germa \u201ca\u201d t\u00eb Kodit t\u00eb Procedurave Administrative (KPA) , sipas t\u00eb cilit: \u201cAkti administrativ \u00ebsht\u00eb absolutisht i pavlefsh\u00ebm: a) kur vjen n\u00eb kund\u00ebrshtim t\u00eb hapur dhe flagrant me nj\u00eb dispozit\u00eb urdh\u00ebruese t\u00eb k\u00ebtij Kodi dhe legjislacionit n\u00eb fuqi lidhur me: i) kompetenc\u00ebn e organit publik\u201d.<\/p>\n<p>&nbsp;<\/p>\n","protected":false},"excerpt":{"rendered":"<p>\u00cbsht\u00eb zbardhur vendimi i Kolegjit Zgjedhor p\u00ebr rastin e rr\u00ebzimit t\u00eb k\u00ebrkes\u00ebs s\u00eb b\u00ebr\u00eb nga ana e PUK p\u00ebr anulimin e zgjedhjeve t\u00eb 30 qershorit. Kolegji thot\u00eb se dekreti p\u00ebr anulimin e zgjedhjeve t\u00eb 30 qershorit \u00ebsht\u00eb i pavlefsh\u00ebm. Pjes\u00eb nga vendimi i Kolegjit Zgjedhor: N\u00eb analiz\u00eb t\u00eb vendimit objekt kund\u00ebrshtimi dhe shqyrtimit t\u00eb provave [&hellip;]<\/p>\n","protected":false},"author":2013,"featured_media":86444,"comment_status":"open","ping_status":"closed","sticky":false,"template":"","format":"standard","meta":{"footnotes":""},"categories":[241,235],"tags":[],"class_list":{"0":"post-92747","1":"post","2":"type-post","3":"status-publish","4":"format-standard","5":"has-post-thumbnail","7":"category-aktualitet","8":"category-vendi"},"_links":{"self":[{"href":"https:\/\/zjarr.tv\/sq\/wp-json\/wp\/v2\/posts\/92747","targetHints":{"allow":["GET"]}}],"collection":[{"href":"https:\/\/zjarr.tv\/sq\/wp-json\/wp\/v2\/posts"}],"about":[{"href":"https:\/\/zjarr.tv\/sq\/wp-json\/wp\/v2\/types\/post"}],"author":[{"embeddable":true,"href":"https:\/\/zjarr.tv\/sq\/wp-json\/wp\/v2\/users\/2013"}],"replies":[{"embeddable":true,"href":"https:\/\/zjarr.tv\/sq\/wp-json\/wp\/v2\/comments?post=92747"}],"version-history":[{"count":0,"href":"https:\/\/zjarr.tv\/sq\/wp-json\/wp\/v2\/posts\/92747\/revisions"}],"wp:featuredmedia":[{"embeddable":true,"href":"https:\/\/zjarr.tv\/sq\/wp-json\/wp\/v2\/media\/86444"}],"wp:attachment":[{"href":"https:\/\/zjarr.tv\/sq\/wp-json\/wp\/v2\/media?parent=92747"}],"wp:term":[{"taxonomy":"category","embeddable":true,"href":"https:\/\/zjarr.tv\/sq\/wp-json\/wp\/v2\/categories?post=92747"},{"taxonomy":"post_tag","embeddable":true,"href":"https:\/\/zjarr.tv\/sq\/wp-json\/wp\/v2\/tags?post=92747"}],"curies":[{"name":"wp","href":"https:\/\/api.w.org\/{rel}","templated":true}]}}