{"id":92749,"date":"2019-06-27T15:50:33","date_gmt":"2019-06-27T13:50:33","guid":{"rendered":"https:\/\/zjarr.tv\/?p=92749"},"modified":"2019-06-27T15:50:33","modified_gmt":"2019-06-27T13:50:33","slug":"cakaj-legjitimiteti-nderkombetar-i-30-qershorit-jo-ne-pikepyetje","status":"publish","type":"post","link":"https:\/\/zjarr.tv\/sq\/cakaj-legjitimiteti-nderkombetar-i-30-qershorit-jo-ne-pikepyetje\/","title":{"rendered":"Cakaj: Legjitimiteti nd\u00ebrkomb\u00ebtar i 30 qershorit jo n\u00eb pik\u00ebpyetje"},"content":{"rendered":"<p>Ministri n\u00eb detyr\u00eb p\u00ebr Evrop\u00ebn dhe Pun\u00ebt e Jashtme Gent Cakaj ka dal\u00eb sot para mediave p\u00ebr t\u00eb folur pas deklaratave t\u00eb K\u00ebshillit t\u00eb Europ\u00ebs dhe anulimit t\u00eb v\u00ebzhguesve nga Kongresi i autoritetit lokal dhe rajonal p\u00ebr zgjedhjet e 30 qershorit.<\/p>\n<p>Cakaj tha se q\u00ebndrimi i opozit\u00ebs dhe fushata e nisur prej saj nuk ka lidhje me realitetin.<\/p>\n<p>Sipas tij, Kongresi nuk ka dh\u00ebn\u00eb ndonj\u00eb deklarat\u00eb n\u00eb mohim t\u00eb s\u00eb drejt\u00ebs p\u00ebr mbajtjen e zgjedhjeve nd\u00ebrsa KiE sot foli qart\u00eb se zgjedhjet duhet t\u00eb mbahen m\u00eb 30 qershor sipas legjislacionit.<\/p>\n<p>\u201cTre dit\u00eb para zgjedhjeve vendore, dy grupe kund\u00ebr reform\u00ebs n\u00eb drejt\u00ebsi, nj\u00eb parti q\u00eb ka humbur cil\u00ebsin\u00eb demokratike kan\u00eb nd\u00ebrmarr\u00eb nj\u00eb fushat\u00eb sikur KiE \u00ebsht\u00eb kund\u00ebr zgjedhjeve.<br \/>\nKy q\u00ebndrim nuk ka lidhje me realitetin dhe t\u00eb v\u00ebrtet\u00ebn. Komunikimi nuk p\u00ebrb\u00ebn q\u00ebndrim zyrtar t\u00eb KiE. Kongresi i autoritetit lokal dhe rajonal ndryshe nga K\u00ebshilli i Ministrave \u00ebsht\u00eb nj\u00eb institucion k\u00ebshillues brenda tij. Sidoqoft\u00eb edhe vet\u00eb Kongresi nuk ka dh\u00ebn\u00eb ndonj\u00eb deklarat\u00eb n\u00eb mohim t\u00eb s\u00eb drejt\u00ebs p\u00ebr mbajtjen e zgjedhjeve. Kongresi nuk b\u00ebn asnj\u00eb deklarat\u00eb p\u00ebr ligjshm\u00ebrin\u00eb e k\u00ebtyre zgjedhjeve.<br \/>\nDhuna deri sot \u00ebsht\u00eb ushtruar qartazi nga opozita kund\u00ebr parlamentit. Protestat e opozit\u00ebs s\u00eb bashkuar kund\u00ebr reform\u00ebs n\u00eb drejt\u00ebsi dhe hapjes s\u00eb negociatave kan\u00eb treguar se n\u00eb rast se ka vullnet p\u00ebr ta ndalur dhun\u00ebn, dhuna ndalet me nj\u00ebher\u00eb. Por rreziku vjen nga vet\u00eb strukturat e partive n\u00eb fjal\u00eb. \u00c7far\u00ebdo thirrje n\u00eb deklarat\u00ebn e Kongresit duhet t\u00eb shohin veten n\u00eb pasqyr\u00eb. Sot KiE ka folur zyrtarisht se zgjedhjet duhet t\u00eb mbahen m\u00eb 30 qershor n\u00eb p\u00ebrputhje me legjislacionin\u201d, u shpreh Cakaj.<\/p>\n<p>Sipas tij, ekipet e OSBE\/ODIHR jan\u00eb duke kryer p\u00ebrgatitjet e fundit p\u00ebr t\u00eb v\u00ebzhguar procesin zgjedhor. \u201cLegjitimiteti nd\u00ebrkomb\u00ebtar i zgjedhjeve t\u00eb 30 qershorit nuk \u00ebsht\u00eb di\u00e7ka q\u00eb mund t\u00eb vihet n\u00eb pik\u00ebpyetje\u201d, theksoi ministri n\u00eb detyr\u00eb.<\/p>\n<p>&nbsp;<\/p>\n","protected":false},"excerpt":{"rendered":"<p>Ministri n\u00eb detyr\u00eb p\u00ebr Evrop\u00ebn dhe Pun\u00ebt e Jashtme Gent Cakaj ka dal\u00eb sot para mediave p\u00ebr t\u00eb folur pas deklaratave t\u00eb K\u00ebshillit t\u00eb Europ\u00ebs dhe anulimit t\u00eb v\u00ebzhguesve nga Kongresi i autoritetit lokal dhe rajonal p\u00ebr zgjedhjet e 30 qershorit. Cakaj tha se q\u00ebndrimi i opozit\u00ebs dhe fushata e nisur prej saj nuk ka [&hellip;]<\/p>\n","protected":false},"author":2013,"featured_media":60045,"comment_status":"open","ping_status":"closed","sticky":false,"template":"","format":"standard","meta":{"footnotes":""},"categories":[241,235],"tags":[],"class_list":{"0":"post-92749","1":"post","2":"type-post","3":"status-publish","4":"format-standard","5":"has-post-thumbnail","7":"category-aktualitet","8":"category-vendi"},"_links":{"self":[{"href":"https:\/\/zjarr.tv\/sq\/wp-json\/wp\/v2\/posts\/92749","targetHints":{"allow":["GET"]}}],"collection":[{"href":"https:\/\/zjarr.tv\/sq\/wp-json\/wp\/v2\/posts"}],"about":[{"href":"https:\/\/zjarr.tv\/sq\/wp-json\/wp\/v2\/types\/post"}],"author":[{"embeddable":true,"href":"https:\/\/zjarr.tv\/sq\/wp-json\/wp\/v2\/users\/2013"}],"replies":[{"embeddable":true,"href":"https:\/\/zjarr.tv\/sq\/wp-json\/wp\/v2\/comments?post=92749"}],"version-history":[{"count":0,"href":"https:\/\/zjarr.tv\/sq\/wp-json\/wp\/v2\/posts\/92749\/revisions"}],"wp:featuredmedia":[{"embeddable":true,"href":"https:\/\/zjarr.tv\/sq\/wp-json\/wp\/v2\/media\/60045"}],"wp:attachment":[{"href":"https:\/\/zjarr.tv\/sq\/wp-json\/wp\/v2\/media?parent=92749"}],"wp:term":[{"taxonomy":"category","embeddable":true,"href":"https:\/\/zjarr.tv\/sq\/wp-json\/wp\/v2\/categories?post=92749"},{"taxonomy":"post_tag","embeddable":true,"href":"https:\/\/zjarr.tv\/sq\/wp-json\/wp\/v2\/tags?post=92749"}],"curies":[{"name":"wp","href":"https:\/\/api.w.org\/{rel}","templated":true}]}}