{"id":92770,"date":"2019-06-27T17:24:33","date_gmt":"2019-06-27T15:24:33","guid":{"rendered":"https:\/\/zjarr.tv\/?p=92770"},"modified":"2019-06-27T17:24:33","modified_gmt":"2019-06-27T15:24:33","slug":"luciano-boci-skandali-ambientet-arsimore-pushtohen-nga-policia","status":"publish","type":"post","link":"https:\/\/zjarr.tv\/sq\/luciano-boci-skandali-ambientet-arsimore-pushtohen-nga-policia\/","title":{"rendered":"Luciano Boci: Skandali, ambientet arsimore pushtohen nga policia"},"content":{"rendered":"<p>Ish-deputeti i Partis\u00eb Demokratiike Luciano Bo\u00e7i me an\u00eb t\u00eb nj\u00eb statusi n\u00eb \u201cFacebook\u201d shprehet se MAS ka regjistruar skandalin e radh\u00ebs.<\/p>\n<p>Boci akuzon se Ministria e Arsimit dhe e Sportit ka nxjerr\u00eb nj\u00eb qarkore, e cila hapur shkel Kodin Zgjedhor dhe Ligjin p\u00ebr Arsimin parauniversitar. Ai shton se Policia e shtetit ndalohet sipas Kodit Zgjedhor t\u2019i afrohet QV-ve e jo m\u00eb t\u2019i posedoj\u00eb si\u00e7 i k\u00ebrkohet. Sipas Bocit, e gjitha kjo \u00ebsht\u00eb ;pushtim policor.<\/p>\n<p><strong>Postimi i Luciano Bocit:<\/strong><\/p>\n<p>N\u00eb funksion t\u00eb fars\u00ebs zgjedhore dhe t\u00eb p\u00ebrdhosjes s\u00eb Kushtetut\u00ebs, Ministria e Arsimit nxjerr nj\u00eb qarkore, e cila hapur shkel Kodin Zgjedhor dhe Ligjin p\u00ebr Arsimin parauniversitar.<\/p>\n<p>Nj\u00eb turp e skandal i papar\u00eb e i pad\u00ebgjuar.<\/p>\n<p>Qarkorja udh\u00ebron n\u00eb pik\u00ebn 5, dor\u00ebzimin e institucioneve arsimore policis\u00eb s\u00eb shtetit, duke ligj\u00ebruar dhunimin e shkollave.<\/p>\n<p>Policia e shtetit ndalohet sipas Kodit Zgjedhor t\u2019i afrohet QV-ve e jo m\u00eb t\u2019i posedoj\u00eb si\u00e7 i k\u00ebrkohet.<\/p>\n<p>Ky \u00ebsht\u00eb pushtim policor.<\/p>\n<p>N\u00eb qarkore, Drejtor\u00ebt si personel arsimor, n\u00eb kund\u00ebshtim me nenin 88 t\u00eb Kodit q\u00eb i ndalon, p\u00ebrfshihen me detyrim n\u00eb procesin zgjedhor.<\/p>\n<p>Ministria sillet si pronare e institucioneve arsimore n\u00eb kund\u00ebrshtim me nenin 28 t\u00eb Ligjit t\u00eb arsimit parauniversitar, i cili p\u00ebrcakton se \u00ebsht\u00eb nj\u00ebsia e qeverisjes vendore (Bashkia) ajo q\u00eb zot\u00ebron juridksionin mbi to.<\/p>\n<p>Q\u00eb garanton paprekshm\u00ebrin\u00eb, ruan e mir\u00ebmban institucionin arsimor.<\/p>\n<p>\u00c7menduria e Ram\u00ebs e t\u00eb pabes\u00ebve t\u00eb tij nuk paska kufij.<\/p>\n<p>&nbsp;<\/p>\n","protected":false},"excerpt":{"rendered":"<p>Ish-deputeti i Partis\u00eb Demokratiike Luciano Bo\u00e7i me an\u00eb t\u00eb nj\u00eb statusi n\u00eb \u201cFacebook\u201d shprehet se MAS ka regjistruar skandalin e radh\u00ebs. Boci akuzon se Ministria e Arsimit dhe e Sportit ka nxjerr\u00eb nj\u00eb qarkore, e cila hapur shkel Kodin Zgjedhor dhe Ligjin p\u00ebr Arsimin parauniversitar. Ai shton se Policia e shtetit ndalohet sipas Kodit Zgjedhor [&hellip;]<\/p>\n","protected":false},"author":2013,"featured_media":60134,"comment_status":"open","ping_status":"closed","sticky":false,"template":"","format":"standard","meta":{"footnotes":""},"categories":[241,235],"tags":[],"class_list":{"0":"post-92770","1":"post","2":"type-post","3":"status-publish","4":"format-standard","5":"has-post-thumbnail","7":"category-aktualitet","8":"category-vendi"},"_links":{"self":[{"href":"https:\/\/zjarr.tv\/sq\/wp-json\/wp\/v2\/posts\/92770","targetHints":{"allow":["GET"]}}],"collection":[{"href":"https:\/\/zjarr.tv\/sq\/wp-json\/wp\/v2\/posts"}],"about":[{"href":"https:\/\/zjarr.tv\/sq\/wp-json\/wp\/v2\/types\/post"}],"author":[{"embeddable":true,"href":"https:\/\/zjarr.tv\/sq\/wp-json\/wp\/v2\/users\/2013"}],"replies":[{"embeddable":true,"href":"https:\/\/zjarr.tv\/sq\/wp-json\/wp\/v2\/comments?post=92770"}],"version-history":[{"count":0,"href":"https:\/\/zjarr.tv\/sq\/wp-json\/wp\/v2\/posts\/92770\/revisions"}],"wp:featuredmedia":[{"embeddable":true,"href":"https:\/\/zjarr.tv\/sq\/wp-json\/wp\/v2\/media\/60134"}],"wp:attachment":[{"href":"https:\/\/zjarr.tv\/sq\/wp-json\/wp\/v2\/media?parent=92770"}],"wp:term":[{"taxonomy":"category","embeddable":true,"href":"https:\/\/zjarr.tv\/sq\/wp-json\/wp\/v2\/categories?post=92770"},{"taxonomy":"post_tag","embeddable":true,"href":"https:\/\/zjarr.tv\/sq\/wp-json\/wp\/v2\/tags?post=92770"}],"curies":[{"name":"wp","href":"https:\/\/api.w.org\/{rel}","templated":true}]}}