{"id":92776,"date":"2019-06-27T17:28:19","date_gmt":"2019-06-27T15:28:19","guid":{"rendered":"https:\/\/zjarr.tv\/?p=92776"},"modified":"2019-06-27T17:28:19","modified_gmt":"2019-06-27T15:28:19","slug":"kavaje-policia-kap-mat-hajdutin-i-zbulon-dhe-4-vjedhje-te-tjera","status":"publish","type":"post","link":"https:\/\/zjarr.tv\/sq\/kavaje-policia-kap-mat-hajdutin-i-zbulon-dhe-4-vjedhje-te-tjera\/","title":{"rendered":"Kavaj\u00eb, policia kap mat hajdutin, i zbulon dhe 4 vjedhje t\u00eb tjera"},"content":{"rendered":"<p>Policia e Kavaj\u00ebs ka arrestuar nj\u00eb shtetas n\u00eb tentativ\u00eb p\u00ebr t\u00eb vjedhur n\u00eb banes\u00eb. Gjat\u00eb aksionit, uniformat blu kan\u00eb zbardhur edhe kat\u00ebr vjedhje t\u00eb tjera, t\u00eb cilat dyshohet se jan\u00eb kryer nga i nj\u00ebjti person. N\u00eb pranga ka r\u00ebn\u00eb 32-vje\u00e7ari O. A., banues n\u00eb Kavaj\u00eb, i d\u00ebnuar m\u00eb par\u00eb p\u00ebr vjedhje.<\/p>\n<p>Njoftimi i policis\u00eb:<\/p>\n<p>Vijon puna p\u00ebr parandalimin e vjedhjeve t\u00eb banesave, zbardhjen e atyre t\u00eb ndodhura m\u00eb par\u00eb, si dhe p\u00ebr kapjen dhe arrestimin e autor\u00ebve. Kapet dhe arrestohet n\u00eb flagranc\u00eb 1 shtetas n\u00eb tentativ\u00eb p\u00ebr t\u00eb vjedhur n\u00eb nj\u00eb banes\u00eb. Zbardhen dhe 4 vjedhje t\u00eb tjera t\u00eb ndodhura m\u00eb par\u00eb, t\u00eb cilat dyshohet se jan\u00eb kryer nga ky shtetas.<\/p>\n<p>N\u00eb vijim t\u00eb pun\u00ebs p\u00ebr parandalimin e vjedhjeve, zbardhjen e atyre t\u00eb ndodhura m\u00eb par\u00eb, si dhe p\u00ebr kapjen dhe arrestimin e autor\u00ebve, Sh\u00ebrbimet e Komisariatit t\u00eb Policis\u00eb Kavaj\u00eb, mbi baz\u00ebn e informacioneve t\u00eb grumbulluara p\u00ebr nj\u00eb shtetas q\u00eb dyshohej se kryente vjedhje banesash n\u00eb Kavaj\u00eb, kan\u00eb organizuar pun\u00ebn duke mbajtur n\u00ebn v\u00ebzhgim shtetasin e dyshuar.<\/p>\n<p>Si rezultat i pun\u00ebs s\u00eb mir\u00eborganizuar nga sh\u00ebrbimet policore u b\u00eb e mundur kapja dhe arrestimi n\u00eb flagranc\u00eb i shtetasit O. A., 32 vje\u00e7, banues n\u00eb Kavaj\u00eb, i d\u00ebnuar m\u00eb par\u00eb p\u00ebr vjedhje. Ky shtetas u kap n\u00eb oborrin e banes\u00ebs e shtetasit Z. M., n\u00eb t\u00eb cil\u00ebn kishte hyr\u00eb p\u00ebr t\u00eb vjedhur.<\/p>\n<p>N\u00eb vijim t\u00eb hetimeve, bazuar edhe n\u00eb provat e grumbulluara, dyshohet se ky shtetas \u00ebsht\u00eb autor\u00eb edhe i 4 vjedhjeve t\u00eb tjera t\u00eb banesave t\u00eb ndodhura gjat\u00eb muajit shkurt-qershor 2019 n\u00eb Kavaj\u00eb.<\/p>\n<p>Materialet procedurale do ti referohen Prokuroris\u00eb p\u00ebr veprime t\u00eb m\u00ebtejshme p\u00ebr vepr\u00ebn penale \u201cVjedhja\u201d.<\/p>\n<p>&nbsp;<\/p>\n","protected":false},"excerpt":{"rendered":"<p>Policia e Kavaj\u00ebs ka arrestuar nj\u00eb shtetas n\u00eb tentativ\u00eb p\u00ebr t\u00eb vjedhur n\u00eb banes\u00eb. Gjat\u00eb aksionit, uniformat blu kan\u00eb zbardhur edhe kat\u00ebr vjedhje t\u00eb tjera, t\u00eb cilat dyshohet se jan\u00eb kryer nga i nj\u00ebjti person. N\u00eb pranga ka r\u00ebn\u00eb 32-vje\u00e7ari O. A., banues n\u00eb Kavaj\u00eb, i d\u00ebnuar m\u00eb par\u00eb p\u00ebr vjedhje. Njoftimi i policis\u00eb: Vijon [&hellip;]<\/p>\n","protected":false},"author":2013,"featured_media":74018,"comment_status":"open","ping_status":"closed","sticky":false,"template":"","format":"standard","meta":{"footnotes":""},"categories":[241,235],"tags":[],"class_list":{"0":"post-92776","1":"post","2":"type-post","3":"status-publish","4":"format-standard","5":"has-post-thumbnail","7":"category-aktualitet","8":"category-vendi"},"_links":{"self":[{"href":"https:\/\/zjarr.tv\/sq\/wp-json\/wp\/v2\/posts\/92776","targetHints":{"allow":["GET"]}}],"collection":[{"href":"https:\/\/zjarr.tv\/sq\/wp-json\/wp\/v2\/posts"}],"about":[{"href":"https:\/\/zjarr.tv\/sq\/wp-json\/wp\/v2\/types\/post"}],"author":[{"embeddable":true,"href":"https:\/\/zjarr.tv\/sq\/wp-json\/wp\/v2\/users\/2013"}],"replies":[{"embeddable":true,"href":"https:\/\/zjarr.tv\/sq\/wp-json\/wp\/v2\/comments?post=92776"}],"version-history":[{"count":0,"href":"https:\/\/zjarr.tv\/sq\/wp-json\/wp\/v2\/posts\/92776\/revisions"}],"wp:featuredmedia":[{"embeddable":true,"href":"https:\/\/zjarr.tv\/sq\/wp-json\/wp\/v2\/media\/74018"}],"wp:attachment":[{"href":"https:\/\/zjarr.tv\/sq\/wp-json\/wp\/v2\/media?parent=92776"}],"wp:term":[{"taxonomy":"category","embeddable":true,"href":"https:\/\/zjarr.tv\/sq\/wp-json\/wp\/v2\/categories?post=92776"},{"taxonomy":"post_tag","embeddable":true,"href":"https:\/\/zjarr.tv\/sq\/wp-json\/wp\/v2\/tags?post=92776"}],"curies":[{"name":"wp","href":"https:\/\/api.w.org\/{rel}","templated":true}]}}