{"id":92820,"date":"2019-06-27T18:05:52","date_gmt":"2019-06-27T16:05:52","guid":{"rendered":"https:\/\/zjarr.tv\/?p=92820"},"modified":"2019-06-27T18:05:52","modified_gmt":"2019-06-27T16:05:52","slug":"plasarisi-amerikanet-pranuan-instalimin-e-diktatures-ne-shqiperi","status":"publish","type":"post","link":"https:\/\/zjarr.tv\/sq\/plasarisi-amerikanet-pranuan-instalimin-e-diktatures-ne-shqiperi\/","title":{"rendered":"Plasari:Si amerikan\u00ebt pranuan instalimin e diktatur\u00ebs n\u00eb Shqip\u00ebri"},"content":{"rendered":"<p>Studiuesi Aurel Plasari \u00ebsht\u00eb b\u00ebr\u00eb pjes\u00eb e debatit t\u00eb nxeht\u00eb t\u00eb dit\u00ebve t\u00eb fundit, n\u00ebse do ket\u00eb apo zgjedhje m\u00eb 30 qershor.<\/p>\n<p>P\u00ebrmes nj\u00eb mesazhi n\u00eb \u201cFacebook\u201d, Plasari rikthehet pas n\u00eb koh\u00eb dhe tregon se si n\u00eb vitin 1945 vet\u00eb amerikan\u00ebt i trajtuan si legjitime zgjedhjet q\u00eb do t\u00eb instalonin diktatur\u00ebn 45-vje\u00e7are n\u00eb Shqip\u00ebri.<\/p>\n<p>\u201cJa sa bukur diplomat\u00ebt, s\u00eb toku me \u201cv\u00ebzhguesit\u201d, i trajtuan si \u201clegjitime\u201d votimet e vitit 1945 p\u00ebr \u201cAsamblen\u00eb Kushtetuese\u201d, e cila m\u00eb 16 mars 1946 vendoste t\u00eb kthehej n\u00eb \u201cKuvend Popullor\u201d, duke i p\u00ebrcaktuar Shqip\u00ebris\u00eb instalimin e diktatur\u00ebs. Nga vet\u00eb burimet diplomatike amerikane: fb a.p. gjithnj\u00eb \u201cme historin\u00eb posht\u00eb n\u00ebnkres\u00ebs\u2026\u201d, ka shkruar studiuesi.<\/p>\n<p>&nbsp;<\/p>\n","protected":false},"excerpt":{"rendered":"<p>Studiuesi Aurel Plasari \u00ebsht\u00eb b\u00ebr\u00eb pjes\u00eb e debatit t\u00eb nxeht\u00eb t\u00eb dit\u00ebve t\u00eb fundit, n\u00ebse do ket\u00eb apo zgjedhje m\u00eb 30 qershor. P\u00ebrmes nj\u00eb mesazhi n\u00eb \u201cFacebook\u201d, Plasari rikthehet pas n\u00eb koh\u00eb dhe tregon se si n\u00eb vitin 1945 vet\u00eb amerikan\u00ebt i trajtuan si legjitime zgjedhjet q\u00eb do t\u00eb instalonin diktatur\u00ebn 45-vje\u00e7are n\u00eb Shqip\u00ebri. \u201cJa [&hellip;]<\/p>\n","protected":false},"author":2013,"featured_media":92821,"comment_status":"open","ping_status":"closed","sticky":false,"template":"","format":"standard","meta":{"footnotes":""},"categories":[241,235],"tags":[],"class_list":{"0":"post-92820","1":"post","2":"type-post","3":"status-publish","4":"format-standard","5":"has-post-thumbnail","7":"category-aktualitet","8":"category-vendi"},"_links":{"self":[{"href":"https:\/\/zjarr.tv\/sq\/wp-json\/wp\/v2\/posts\/92820","targetHints":{"allow":["GET"]}}],"collection":[{"href":"https:\/\/zjarr.tv\/sq\/wp-json\/wp\/v2\/posts"}],"about":[{"href":"https:\/\/zjarr.tv\/sq\/wp-json\/wp\/v2\/types\/post"}],"author":[{"embeddable":true,"href":"https:\/\/zjarr.tv\/sq\/wp-json\/wp\/v2\/users\/2013"}],"replies":[{"embeddable":true,"href":"https:\/\/zjarr.tv\/sq\/wp-json\/wp\/v2\/comments?post=92820"}],"version-history":[{"count":0,"href":"https:\/\/zjarr.tv\/sq\/wp-json\/wp\/v2\/posts\/92820\/revisions"}],"wp:featuredmedia":[{"embeddable":true,"href":"https:\/\/zjarr.tv\/sq\/wp-json\/wp\/v2\/media\/92821"}],"wp:attachment":[{"href":"https:\/\/zjarr.tv\/sq\/wp-json\/wp\/v2\/media?parent=92820"}],"wp:term":[{"taxonomy":"category","embeddable":true,"href":"https:\/\/zjarr.tv\/sq\/wp-json\/wp\/v2\/categories?post=92820"},{"taxonomy":"post_tag","embeddable":true,"href":"https:\/\/zjarr.tv\/sq\/wp-json\/wp\/v2\/tags?post=92820"}],"curies":[{"name":"wp","href":"https:\/\/api.w.org\/{rel}","templated":true}]}}