{"id":92823,"date":"2019-06-27T18:07:14","date_gmt":"2019-06-27T16:07:14","guid":{"rendered":"https:\/\/zjarr.tv\/?p=92823"},"modified":"2019-06-27T18:07:14","modified_gmt":"2019-06-27T16:07:14","slug":"vettingu-ne-site-karriera-e-kryeprokurorit-te-kavajesartan-madani","status":"publish","type":"post","link":"https:\/\/zjarr.tv\/sq\/vettingu-ne-site-karriera-e-kryeprokurorit-te-kavajesartan-madani\/","title":{"rendered":"Vettingu, n\u00eb \u201csit\u00eb\u201d karriera e kryeprokurorit t\u00eb Kavaj\u00ebs,Artan Madani"},"content":{"rendered":"<p>Kryeprokurori i Kavaj\u00ebs, Artan Madani u p\u00ebrball k\u00ebt\u00eb t\u00eb enjte me Komisionin e Pavarur t\u00eb Kualifikimit, n\u00eb kuad\u00ebr t\u00eb procesit t\u00eb vettingut. Hetimi p\u00ebr subjektin kishte p\u00ebrfunduar n\u00eb t\u00eb trija kriteret. Komisioni tha se prokurori i karrier\u00ebs ka burime t\u00eb mjaftueshme financiare p\u00ebr t\u00eb justifikuar pasurin\u00eb, nuk \u00ebsht\u00eb n\u00eb situat\u00eb konflikti interesi, por jan\u00eb konstatuar disa pasakt\u00ebsi, q\u00eb lidhen me vler\u00ebn e apartementit q\u00eb ai ka n\u00eb pron\u00ebsi.<\/p>\n<p>N\u00eb fjal\u00ebn e tij, prokurori Madani theksoi se ndryshe nga banor\u00ebt e tjer\u00eb t\u00eb pallatit ku banon, ai \u00ebsht\u00eb i vetmi, q\u00eb ka deklaruar cmimin e sakt\u00eb t\u00eb blerjes s\u00eb banes\u00ebs. Sa iu p\u00ebrket likuiditeteve n\u00eb bank\u00eb, Komisioni u shpreh se subjekti i justifikon ato plot\u00ebsisht.<\/p>\n<p>Lidhur me fuigur\u00ebn morale, Komisioni rr\u00ebzoi gjetjet e Drejtoris\u00eb s\u00eb Sigurimit t\u00eb informacionit t\u00eb Klasifikuar, I cili n\u00eb raportin e pare konstatonte p\u00ebrshtatshm\u00ebrin\u00eb e prokurorit p\u00ebr t\u00eb vijuar detyr\u00ebn. Pasi vet\u00eb Madani kishte deklaruar se kishte nj\u00eb v\u00eblla t\u00eb d\u00ebnuar n\u00eb Itali, DSIK, kishte ndryshuar t\u00ebr\u00ebsisht q\u00ebndrim, duke e cil\u00ebsuar at\u00eb t\u00eb pap\u00ebrshtatsh\u00ebm.<\/p>\n<p>Komisioni v\u00ebrejti se q\u00ebndrimi i institucionit n\u00eb fjal\u00eb, \u00ebsht\u00eb i pabazuar dhe i nxituar, pasi nga hetimet e kryera kryesisht nga trupa, rezulton se prokurori Madani e ka plot\u00ebsuar sakt\u00eb formularin dhe p\u00ebr t\u00eb nuk \u00ebsht\u00eb gjetur asnj\u00eb lidhje me personazhe t\u00eb krimit t\u00eb organizuar. Gjithashtu, u theksua fakti se nuk ka asnj\u00eb dyshim, q\u00eb ai mund t\u00eb vihet n\u00ebn presion apo shantaz nga persona n\u00eb konflikt me ligjin<br \/>\nN\u00eb shtyll\u00ebn e aft\u00ebsive profesionale, Madani u vler\u00ebsua me nota pozitive.<\/p>\n<p>Prokurori e falenderoj komisionin p\u00ebr hetimin dhe gjetjet, por b\u00ebri disa sakt\u00ebsime duke bashkangjitur edhe prova shtes\u00eb. Vendimi p\u00ebr Artan Madanin pritet t\u00eb shpallet me 1 korrik. M\u00eb her\u00ebt, Komisioni shpalli verdiktin p\u00ebr drejtuesen e prokuroris\u00eb s\u00eb Kuk\u00ebsit, Alketa Nushi, t\u00eb cil\u00ebn e shkarkoi nga detyra, pas problemeve t\u00eb konstatuara n\u00eb t\u00eb trija shtyllat e vttingut.<\/p>\n<p>&nbsp;<\/p>\n","protected":false},"excerpt":{"rendered":"<p>Kryeprokurori i Kavaj\u00ebs, Artan Madani u p\u00ebrball k\u00ebt\u00eb t\u00eb enjte me Komisionin e Pavarur t\u00eb Kualifikimit, n\u00eb kuad\u00ebr t\u00eb procesit t\u00eb vettingut. Hetimi p\u00ebr subjektin kishte p\u00ebrfunduar n\u00eb t\u00eb trija kriteret. Komisioni tha se prokurori i karrier\u00ebs ka burime t\u00eb mjaftueshme financiare p\u00ebr t\u00eb justifikuar pasurin\u00eb, nuk \u00ebsht\u00eb n\u00eb situat\u00eb konflikti interesi, por jan\u00eb konstatuar [&hellip;]<\/p>\n","protected":false},"author":2013,"featured_media":92824,"comment_status":"open","ping_status":"closed","sticky":false,"template":"","format":"standard","meta":{"footnotes":""},"categories":[241,235],"tags":[],"class_list":{"0":"post-92823","1":"post","2":"type-post","3":"status-publish","4":"format-standard","5":"has-post-thumbnail","7":"category-aktualitet","8":"category-vendi"},"_links":{"self":[{"href":"https:\/\/zjarr.tv\/sq\/wp-json\/wp\/v2\/posts\/92823","targetHints":{"allow":["GET"]}}],"collection":[{"href":"https:\/\/zjarr.tv\/sq\/wp-json\/wp\/v2\/posts"}],"about":[{"href":"https:\/\/zjarr.tv\/sq\/wp-json\/wp\/v2\/types\/post"}],"author":[{"embeddable":true,"href":"https:\/\/zjarr.tv\/sq\/wp-json\/wp\/v2\/users\/2013"}],"replies":[{"embeddable":true,"href":"https:\/\/zjarr.tv\/sq\/wp-json\/wp\/v2\/comments?post=92823"}],"version-history":[{"count":0,"href":"https:\/\/zjarr.tv\/sq\/wp-json\/wp\/v2\/posts\/92823\/revisions"}],"wp:featuredmedia":[{"embeddable":true,"href":"https:\/\/zjarr.tv\/sq\/wp-json\/wp\/v2\/media\/92824"}],"wp:attachment":[{"href":"https:\/\/zjarr.tv\/sq\/wp-json\/wp\/v2\/media?parent=92823"}],"wp:term":[{"taxonomy":"category","embeddable":true,"href":"https:\/\/zjarr.tv\/sq\/wp-json\/wp\/v2\/categories?post=92823"},{"taxonomy":"post_tag","embeddable":true,"href":"https:\/\/zjarr.tv\/sq\/wp-json\/wp\/v2\/tags?post=92823"}],"curies":[{"name":"wp","href":"https:\/\/api.w.org\/{rel}","templated":true}]}}