{"id":92831,"date":"2019-06-27T18:12:15","date_gmt":"2019-06-27T16:12:15","guid":{"rendered":"https:\/\/zjarr.tv\/?p=92831"},"modified":"2019-06-27T18:12:15","modified_gmt":"2019-06-27T16:12:15","slug":"tre-shqiptare-ekstradohen-ne-itali-ja-pse-akuzohen","status":"publish","type":"post","link":"https:\/\/zjarr.tv\/sq\/tre-shqiptare-ekstradohen-ne-itali-ja-pse-akuzohen\/","title":{"rendered":"Tre shqiptar\u00eb ekstradohen n\u00eb Itali, ja pse akuzohen"},"content":{"rendered":"<p>Dy shqiptar\u00eb e nj\u00eb kosovar jan\u00eb ekstraduar n\u00eb Itali si persona t\u00eb d\u00ebnuar nga drejt\u00ebsia italiane me akuz\u00ebn e aktivitetit terrorist e t\u00eb trafikut t\u00eb drog\u00ebs.<\/p>\n<p>Autoritetet italiane informojn\u00eb se kan\u00eb ekstraduar nga Kosova n\u00eb Itali shtetasin kosovar me inicialet G.D 27 vjec, ndaj t\u00eb cilit \u00ebsht\u00eb l\u00ebshuar masa e arrestit nga Gjykata e Bresh\u00ebs me akuz\u00ebn e nxitjes s\u00eb aktivitetit kriminal me q\u00ebllim terrorizmi.<\/p>\n<p>Sipas Policis\u00eb italiane shtetasi kosovar ka mb\u00ebrritur sot n\u00eb aeroportin e Ciampinos n\u00eb Rom\u00eb dhe \u00ebsht\u00eb hera e par\u00eb q\u00eb shteti i Kosov\u00ebs lejon nj\u00eb qytetar t\u00eb saj t\u00eb ekstradohet n\u00eb nj\u00eb vend europian.<br \/>\nGjithashtu po sot jan\u00eb ekstraduar nga Shqip\u00ebria drejt Rom\u00ebs, dy shtetas shqiptar\u00eb t\u00eb shpallur n\u00eb k\u00ebrkim nga autoritetet italiane e t\u00eb arrestuar fal\u00eb nj\u00eb operacioni t\u00eb p\u00ebrbashk\u00ebt policor me autoritetet shqiptare e me sh\u00ebrbimin e bashk\u00ebpunimit policor nd\u00ebrkomb\u00ebtar.<\/p>\n<p>Shtetasi shqiptar me inicialet B.I 28 vjec \u00ebsht\u00eb arrestuar n\u00eb Elbasan. Nda tij \u00ebsht\u00eb l\u00ebshaur masa e arrestimit em burg l\u00ebshuar nga Gjykata e Milanos me akuz\u00ebn e pjes\u00ebmarrjes n\u00eb organizim terrorist n\u00eb sh\u00ebrbim t\u00eb Shtetit Islamik.<\/p>\n<p>Shqiptari i 3 i ekstraduar sot drejt Italis\u00eb \u00ebsht\u00eb shtetasi K.A 29 vjec i akuzuar nga Gjykata e Pescar\u00ebs p\u00ebr trafik l\u00ebnd\u00ebsh narkotike.<\/p>\n<p>&nbsp;<\/p>\n","protected":false},"excerpt":{"rendered":"<p>Dy shqiptar\u00eb e nj\u00eb kosovar jan\u00eb ekstraduar n\u00eb Itali si persona t\u00eb d\u00ebnuar nga drejt\u00ebsia italiane me akuz\u00ebn e aktivitetit terrorist e t\u00eb trafikut t\u00eb drog\u00ebs. Autoritetet italiane informojn\u00eb se kan\u00eb ekstraduar nga Kosova n\u00eb Itali shtetasin kosovar me inicialet G.D 27 vjec, ndaj t\u00eb cilit \u00ebsht\u00eb l\u00ebshuar masa e arrestit nga Gjykata e Bresh\u00ebs [&hellip;]<\/p>\n","protected":false},"author":2013,"featured_media":92832,"comment_status":"open","ping_status":"closed","sticky":false,"template":"","format":"standard","meta":{"footnotes":""},"categories":[241,235],"tags":[],"class_list":{"0":"post-92831","1":"post","2":"type-post","3":"status-publish","4":"format-standard","5":"has-post-thumbnail","7":"category-aktualitet","8":"category-vendi"},"_links":{"self":[{"href":"https:\/\/zjarr.tv\/sq\/wp-json\/wp\/v2\/posts\/92831","targetHints":{"allow":["GET"]}}],"collection":[{"href":"https:\/\/zjarr.tv\/sq\/wp-json\/wp\/v2\/posts"}],"about":[{"href":"https:\/\/zjarr.tv\/sq\/wp-json\/wp\/v2\/types\/post"}],"author":[{"embeddable":true,"href":"https:\/\/zjarr.tv\/sq\/wp-json\/wp\/v2\/users\/2013"}],"replies":[{"embeddable":true,"href":"https:\/\/zjarr.tv\/sq\/wp-json\/wp\/v2\/comments?post=92831"}],"version-history":[{"count":0,"href":"https:\/\/zjarr.tv\/sq\/wp-json\/wp\/v2\/posts\/92831\/revisions"}],"wp:featuredmedia":[{"embeddable":true,"href":"https:\/\/zjarr.tv\/sq\/wp-json\/wp\/v2\/media\/92832"}],"wp:attachment":[{"href":"https:\/\/zjarr.tv\/sq\/wp-json\/wp\/v2\/media?parent=92831"}],"wp:term":[{"taxonomy":"category","embeddable":true,"href":"https:\/\/zjarr.tv\/sq\/wp-json\/wp\/v2\/categories?post=92831"},{"taxonomy":"post_tag","embeddable":true,"href":"https:\/\/zjarr.tv\/sq\/wp-json\/wp\/v2\/tags?post=92831"}],"curies":[{"name":"wp","href":"https:\/\/api.w.org\/{rel}","templated":true}]}}