{"id":92834,"date":"2019-06-27T18:13:23","date_gmt":"2019-06-27T16:13:23","guid":{"rendered":"https:\/\/zjarr.tv\/?p=92834"},"modified":"2019-06-27T18:13:23","modified_gmt":"2019-06-27T16:13:23","slug":"alarm-nga-zjarret-e-veres-30-raste-vetem-per-qershorin-ne-vlore","status":"publish","type":"post","link":"https:\/\/zjarr.tv\/sq\/alarm-nga-zjarret-e-veres-30-raste-vetem-per-qershorin-ne-vlore\/","title":{"rendered":"Alarm nga zjarret e ver\u00ebs, 30 raste vet\u00ebm p\u00ebr qershorin n\u00eb Vlor\u00eb"},"content":{"rendered":"<p><em>Me 30 raste zjarresh, vet\u00ebm p\u00ebr qershorin, Zjarrfik\u00ebsit e Vlor\u00ebs jan\u00eb n\u00eb alarm p\u00ebr rrezikun e shtuar gjat\u00eb sezonit veror. Zjarrfik\u00ebsit thon\u00eb se shumica e rasteve jan\u00eb pasoj\u00eb e pap\u00ebrgjegjshm\u00ebris\u00eb se qytetar\u00ebve ose gabimeve me bombolat e gazit.<\/em><\/p>\n<p>Gjat\u00eb muajit qershor n\u00eb qytetin e Vlor\u00ebs jan\u00eb sh\u00ebnuar 30 raste zjarri, \u00e7ka ka sjell\u00eb dhe vendosjen e efektiv\u00ebve t\u00eb zjarrfik\u00ebsve n\u00eb gjendje gatishm\u00ebrie.<\/p>\n<p>Kastriot Deda, shefi i nd\u00ebrhyrjes operacionale p\u00ebr shuarjen e vatrave t\u00eb zjarrit n\u00eb Sh\u00ebrbimin e Mbrojtjes Kund\u00ebr Zjarrit thot\u00eb se mesatarisht n\u00eb dit\u00eb jan\u00eb sh\u00ebnuar 7 vatra zjarri.<\/p>\n<p><strong>Deda:<\/strong>\u00a0<em>Zjarret m\u00eb t\u00eb theksuara jan\u00eb n\u00eb banesa, n\u00eb dyqane, n\u00eb mbeturina, zjarre n\u00eb barishte etj.<\/em><\/p>\n<p>Sipas Ded\u00ebs, edhe bombolat e gazit mbeten nj\u00eb nd\u00ebr arsyet kryesore p\u00ebr rritjen e numrit t\u00eb zjarreve gjat\u00eb k\u00ebtij viti.<\/p>\n<p>Mbi 240 hektar\u00eb sip\u00ebrfaqe u dogj\u00ebn n\u00eb t\u00eb gjith\u00eb vendin gjat\u00eb muajve mars-prill, n\u00eb nj\u00eb val\u00eb t\u00eb pazakont\u00eb zjarresh q\u00eb p\u00ebrfshiu vendin, nd\u00ebrkoh\u00eb q\u00eb jan\u00eb proceduar vet\u00ebm 57 persona.<\/p>\n<p>&nbsp;<\/p>\n","protected":false},"excerpt":{"rendered":"<p>Me 30 raste zjarresh, vet\u00ebm p\u00ebr qershorin, Zjarrfik\u00ebsit e Vlor\u00ebs jan\u00eb n\u00eb alarm p\u00ebr rrezikun e shtuar gjat\u00eb sezonit veror. Zjarrfik\u00ebsit thon\u00eb se shumica e rasteve jan\u00eb pasoj\u00eb e pap\u00ebrgjegjshm\u00ebris\u00eb se qytetar\u00ebve ose gabimeve me bombolat e gazit. Gjat\u00eb muajit qershor n\u00eb qytetin e Vlor\u00ebs jan\u00eb sh\u00ebnuar 30 raste zjarri, \u00e7ka ka sjell\u00eb dhe vendosjen [&hellip;]<\/p>\n","protected":false},"author":2013,"featured_media":92835,"comment_status":"open","ping_status":"closed","sticky":false,"template":"","format":"standard","meta":{"footnotes":""},"categories":[241,235],"tags":[],"class_list":{"0":"post-92834","1":"post","2":"type-post","3":"status-publish","4":"format-standard","5":"has-post-thumbnail","7":"category-aktualitet","8":"category-vendi"},"_links":{"self":[{"href":"https:\/\/zjarr.tv\/sq\/wp-json\/wp\/v2\/posts\/92834","targetHints":{"allow":["GET"]}}],"collection":[{"href":"https:\/\/zjarr.tv\/sq\/wp-json\/wp\/v2\/posts"}],"about":[{"href":"https:\/\/zjarr.tv\/sq\/wp-json\/wp\/v2\/types\/post"}],"author":[{"embeddable":true,"href":"https:\/\/zjarr.tv\/sq\/wp-json\/wp\/v2\/users\/2013"}],"replies":[{"embeddable":true,"href":"https:\/\/zjarr.tv\/sq\/wp-json\/wp\/v2\/comments?post=92834"}],"version-history":[{"count":0,"href":"https:\/\/zjarr.tv\/sq\/wp-json\/wp\/v2\/posts\/92834\/revisions"}],"wp:featuredmedia":[{"embeddable":true,"href":"https:\/\/zjarr.tv\/sq\/wp-json\/wp\/v2\/media\/92835"}],"wp:attachment":[{"href":"https:\/\/zjarr.tv\/sq\/wp-json\/wp\/v2\/media?parent=92834"}],"wp:term":[{"taxonomy":"category","embeddable":true,"href":"https:\/\/zjarr.tv\/sq\/wp-json\/wp\/v2\/categories?post=92834"},{"taxonomy":"post_tag","embeddable":true,"href":"https:\/\/zjarr.tv\/sq\/wp-json\/wp\/v2\/tags?post=92834"}],"curies":[{"name":"wp","href":"https:\/\/api.w.org\/{rel}","templated":true}]}}