{"id":92840,"date":"2019-06-27T18:30:29","date_gmt":"2019-06-27T16:30:29","guid":{"rendered":"https:\/\/zjarr.tv\/?p=92840"},"modified":"2019-06-27T18:30:29","modified_gmt":"2019-06-27T16:30:29","slug":"zgjedhjet-me-30-qershor-presidenca-reagon-pas-deklarates-se-palmer","status":"publish","type":"post","link":"https:\/\/zjarr.tv\/sq\/zgjedhjet-me-30-qershor-presidenca-reagon-pas-deklarates-se-palmer\/","title":{"rendered":"Zgjedhjet m\u00eb 30 qershor, Presidenca reagon pas deklarat\u00ebs s\u00eb Palmer"},"content":{"rendered":"<p>Presidenca ka reaguar pas deklaratave t\u00eb b\u00ebra nga Z\u00ebvend\u00ebsndihm\u00ebs Sekretari Amerikan i Shtetit, Mathew Palmer. Z\u00ebdh\u00ebn\u00ebsi i Presidentit, z.Tedi Blushi i pyetur nga mediat mbi deklaratat e b\u00ebra nga z.Palmer n\u00eb VOA deklaroi se:<\/p>\n<p>Presidenti i Republik\u00ebs Sh.T.Z Ilir Meta vler\u00ebson deklarat\u00ebn e p\u00ebrgjegjshme, t\u00eb v\u00ebmendshme e nj\u00ebkoh\u00ebsisht shqet\u00ebsuese t\u00eb Kryetarit t\u00eb Komisionit t\u00eb Politik\u00ebs s\u00eb Jashtme t\u00eb Kongresit Amerikan, Eliot Engel, k\u00ebtij miku t\u00eb sprovuar t\u00eb Shqip\u00ebris\u00eb, Kosov\u00ebs dhe shqiptar\u00ebve, mbi situat\u00ebn e v\u00ebshtir\u00eb politike n\u00eb Shqip\u00ebri dhe mbi r\u00ebnd\u00ebsin\u00eb imediate t\u00eb rivendosjes s\u00eb dialogut dhe shtetit t\u00eb s\u00eb drejt\u00ebs.<\/p>\n<p>Presidenti i Republik\u00ebs siguron Kryetarin e Komisionit t\u00eb Jasht\u00ebm t\u00eb Kongresit Amerikan, z.Eliot Engel dhe t\u00eb gjith\u00eb miqt\u00eb e v\u00ebrtet\u00eb t\u00eb Shqip\u00ebris\u00eb n\u00eb Shtetet e Bashkuara t\u00eb Amerik\u00ebs, se po b\u00ebn dhe do t\u00eb b\u00ebj\u00eb t\u00eb gjitha p\u00ebrpjekjet q\u00eb Shqip\u00ebria t\u00eb mund t\u00eb organizoj\u00eb zgjedhje vendore gjith\u00ebp\u00ebrfshir\u00ebse, demokratike, me standarde, t\u00eb lira dhe t\u00eb ndershme, ashtu si\u00e7 e meriton nj\u00eb vend i NATO-s dhe nj\u00eb vend q\u00eb d\u00ebshiron t\u00eb b\u00ebhet an\u00ebtar i Bashkimit Europian.<\/p>\n<p>&nbsp;<\/p>\n","protected":false},"excerpt":{"rendered":"<p>Presidenca ka reaguar pas deklaratave t\u00eb b\u00ebra nga Z\u00ebvend\u00ebsndihm\u00ebs Sekretari Amerikan i Shtetit, Mathew Palmer. Z\u00ebdh\u00ebn\u00ebsi i Presidentit, z.Tedi Blushi i pyetur nga mediat mbi deklaratat e b\u00ebra nga z.Palmer n\u00eb VOA deklaroi se: Presidenti i Republik\u00ebs Sh.T.Z Ilir Meta vler\u00ebson deklarat\u00ebn e p\u00ebrgjegjshme, t\u00eb v\u00ebmendshme e nj\u00ebkoh\u00ebsisht shqet\u00ebsuese t\u00eb Kryetarit t\u00eb Komisionit t\u00eb Politik\u00ebs [&hellip;]<\/p>\n","protected":false},"author":2013,"featured_media":92346,"comment_status":"open","ping_status":"closed","sticky":false,"template":"","format":"standard","meta":{"footnotes":""},"categories":[241,235],"tags":[],"class_list":{"0":"post-92840","1":"post","2":"type-post","3":"status-publish","4":"format-standard","5":"has-post-thumbnail","7":"category-aktualitet","8":"category-vendi"},"_links":{"self":[{"href":"https:\/\/zjarr.tv\/sq\/wp-json\/wp\/v2\/posts\/92840","targetHints":{"allow":["GET"]}}],"collection":[{"href":"https:\/\/zjarr.tv\/sq\/wp-json\/wp\/v2\/posts"}],"about":[{"href":"https:\/\/zjarr.tv\/sq\/wp-json\/wp\/v2\/types\/post"}],"author":[{"embeddable":true,"href":"https:\/\/zjarr.tv\/sq\/wp-json\/wp\/v2\/users\/2013"}],"replies":[{"embeddable":true,"href":"https:\/\/zjarr.tv\/sq\/wp-json\/wp\/v2\/comments?post=92840"}],"version-history":[{"count":0,"href":"https:\/\/zjarr.tv\/sq\/wp-json\/wp\/v2\/posts\/92840\/revisions"}],"wp:featuredmedia":[{"embeddable":true,"href":"https:\/\/zjarr.tv\/sq\/wp-json\/wp\/v2\/media\/92346"}],"wp:attachment":[{"href":"https:\/\/zjarr.tv\/sq\/wp-json\/wp\/v2\/media?parent=92840"}],"wp:term":[{"taxonomy":"category","embeddable":true,"href":"https:\/\/zjarr.tv\/sq\/wp-json\/wp\/v2\/categories?post=92840"},{"taxonomy":"post_tag","embeddable":true,"href":"https:\/\/zjarr.tv\/sq\/wp-json\/wp\/v2\/tags?post=92840"}],"curies":[{"name":"wp","href":"https:\/\/api.w.org\/{rel}","templated":true}]}}