{"id":92842,"date":"2019-06-27T18:31:36","date_gmt":"2019-06-27T16:31:36","guid":{"rendered":"https:\/\/zjarr.tv\/?p=92842"},"modified":"2019-06-27T18:31:36","modified_gmt":"2019-06-27T16:31:36","slug":"cakaj-30-qershori-eshte-i-pranuar-nga-kie-shba-dhe-be","status":"publish","type":"post","link":"https:\/\/zjarr.tv\/sq\/cakaj-30-qershori-eshte-i-pranuar-nga-kie-shba-dhe-be\/","title":{"rendered":"Cakaj: 30 qershori \u00ebsht\u00eb i pranuar nga KiE, SHBA dhe BE"},"content":{"rendered":"<p>Dekreti i ri i Presidentit q\u00eb cakton 13 tetorin si dat\u00ebn e zgjedhjeve vendore ka sjell\u00eb edhe reagimin e ministrit t\u00eb Jasht\u00ebm n\u00eb detyr\u00eb, Gent Cakaj. Sipas tij presidenti nuk mund t\u00eb shfuqizoj\u00eb dat\u00ebn e zgjedhjeve, nd\u00ebrsa theksoi se zgjedhjet do t\u00eb mbahen n\u00eb 30 qershor.<\/p>\n<p><strong>Cakaj:\u00a0<\/strong><em>K\u00ebshilli i Evrop\u00ebs ka shprehur sot q\u00ebndrimin institucional ku thuhet se zgjedhjet duhet t\u00eb mbahen m\u00eb 30 qershor n\u00eb p\u00ebrputhje me detyrimet nd\u00ebrkomb\u00ebtare dhe legjislacionin e brendsh\u00ebm.<\/em><\/p>\n<p>Ministri Cakaj komentoi edhe t\u00ebrheqjen e v\u00ebzhguesve t\u00eb Kongresit t\u00eb Autoriteteve Lokale dhe Rajonale p\u00ebr shkak t\u00eb pasiguris\u00eb s\u00eb zhvillimit t\u00eb zgjedhjeve, duke theksuar se ky q\u00ebndrim nuk \u00ebsht\u00eb zyrtar i KiE.<\/p>\n<p><strong>Cakaj:<\/strong>\u00a0<em>SHBA, BE, OSBE dhe vet\u00eb KiE tashm\u00eb kan\u00eb pranuar 30 qershorin si dat\u00eb legjitime p\u00ebr mbajtjen e zgjedhjeve t\u00eb pushtetit vendor, n\u00eb fakt edhe si pjes\u00eb thelb\u00ebsore e p\u00ebrpjekjes p\u00ebr t\u00eb zhvilluar demokracin\u00eb n\u00eb Shqip\u00ebri.\u00a0<\/em><\/p>\n<p>Cakaj pranoi se v\u00ebzhguesit nuk do t\u00eb vijn\u00eb p\u00ebr shkak t\u00eb frik\u00ebs p\u00ebr sigurin\u00eb e tyre n\u00eb disa zona elektorale. Nd\u00ebrsa theksoi se rreziqet e mundshme vijn\u00eb nga strukturat politike n\u00eb vendin ton\u00eb.<\/p>\n<p>&nbsp;<\/p>\n","protected":false},"excerpt":{"rendered":"<p>Dekreti i ri i Presidentit q\u00eb cakton 13 tetorin si dat\u00ebn e zgjedhjeve vendore ka sjell\u00eb edhe reagimin e ministrit t\u00eb Jasht\u00ebm n\u00eb detyr\u00eb, Gent Cakaj. Sipas tij presidenti nuk mund t\u00eb shfuqizoj\u00eb dat\u00ebn e zgjedhjeve, nd\u00ebrsa theksoi se zgjedhjet do t\u00eb mbahen n\u00eb 30 qershor. Cakaj:\u00a0K\u00ebshilli i Evrop\u00ebs ka shprehur sot q\u00ebndrimin institucional ku [&hellip;]<\/p>\n","protected":false},"author":2013,"featured_media":60045,"comment_status":"open","ping_status":"closed","sticky":false,"template":"","format":"standard","meta":{"footnotes":""},"categories":[241,235],"tags":[],"class_list":{"0":"post-92842","1":"post","2":"type-post","3":"status-publish","4":"format-standard","5":"has-post-thumbnail","7":"category-aktualitet","8":"category-vendi"},"_links":{"self":[{"href":"https:\/\/zjarr.tv\/sq\/wp-json\/wp\/v2\/posts\/92842","targetHints":{"allow":["GET"]}}],"collection":[{"href":"https:\/\/zjarr.tv\/sq\/wp-json\/wp\/v2\/posts"}],"about":[{"href":"https:\/\/zjarr.tv\/sq\/wp-json\/wp\/v2\/types\/post"}],"author":[{"embeddable":true,"href":"https:\/\/zjarr.tv\/sq\/wp-json\/wp\/v2\/users\/2013"}],"replies":[{"embeddable":true,"href":"https:\/\/zjarr.tv\/sq\/wp-json\/wp\/v2\/comments?post=92842"}],"version-history":[{"count":0,"href":"https:\/\/zjarr.tv\/sq\/wp-json\/wp\/v2\/posts\/92842\/revisions"}],"wp:featuredmedia":[{"embeddable":true,"href":"https:\/\/zjarr.tv\/sq\/wp-json\/wp\/v2\/media\/60045"}],"wp:attachment":[{"href":"https:\/\/zjarr.tv\/sq\/wp-json\/wp\/v2\/media?parent=92842"}],"wp:term":[{"taxonomy":"category","embeddable":true,"href":"https:\/\/zjarr.tv\/sq\/wp-json\/wp\/v2\/categories?post=92842"},{"taxonomy":"post_tag","embeddable":true,"href":"https:\/\/zjarr.tv\/sq\/wp-json\/wp\/v2\/tags?post=92842"}],"curies":[{"name":"wp","href":"https:\/\/api.w.org\/{rel}","templated":true}]}}