{"id":92846,"date":"2019-06-27T19:15:28","date_gmt":"2019-06-27T17:15:28","guid":{"rendered":"https:\/\/zjarr.tv\/?p=92846"},"modified":"2019-06-27T19:15:28","modified_gmt":"2019-06-27T17:15:28","slug":"protesta-mehmetajrama-mos-shkele-ne-fierte-dale-para-drejtesise","status":"publish","type":"post","link":"https:\/\/zjarr.tv\/sq\/protesta-mehmetajrama-mos-shkele-ne-fierte-dale-para-drejtesise\/","title":{"rendered":"Protesta\/Mehmetaj:Rama mos shkel\u00eb n\u00eb Fier,t\u00eb dal\u00eb para drejt\u00ebsis\u00eb"},"content":{"rendered":"<p>Ish-deputetja e LSI Kejdi Mehmetaj dhe protestues opozitar\u00eb kan\u00eb pritur me demonstrata Edi Ram\u00ebn n\u00eb Fier.<\/p>\n<p>Mehmetaj deklaroi se Rama nuk \u00ebsht\u00eb i mir\u00eb[pritur n\u00eb Fier. Ajo tha se Rama duhet t\u00eb p\u00ebrgjigjet p\u00ebrpara drejt\u00ebsis\u00eb.<\/p>\n<p>\u201cRama duhet t\u00eb ik\u00eb. Edi Rama nuk duhet t\u00eb shkel\u00eb n\u00eb Fier. Ky \u00ebsht\u00eb qytet q\u00eb iu takon socialist\u00ebve, por Rama e ka shkretuar. Ai e ka shkretuar Fierin, me drog\u00ebn q\u00eb e ka mbjell\u00eb k\u00ebtu dhe n\u00eb mbar\u00eb Shqip\u00ebrin\u00eb. Rama nuk mund t\u00eb hyj\u00eb m\u00eb n\u00eb Fier. Ram\u00ebs nuk i takon m\u00eb t\u00eb takoj\u00eb asnj\u00eb shqiptar. Rama \u00ebsht\u00eb i marr\u00eb fund dhe do p\u00ebrgjigjet para drejt\u00ebsis\u00eb\u201d, tha Mehmetaj.<\/p>\n<p>Kryeministri Rama \u00ebsht\u00eb nisur drejt Fierit, ndalesa e radh\u00ebs e tij n\u00eb fushat\u00ebn elektorale p\u00ebr zgjedhjet e 30 qershorit.<\/p>\n<p>Kreu i qeveris\u00eb \u00ebsht\u00eb pritur me protesta thuajse n\u00eb t\u00eb gjitha bashkit\u00eb ku ka shkuar p\u00ebr fushat\u00eb elektorale. Protestuesit kund\u00ebr Ram\u00ebs jan\u00eb kryesisht mb\u00ebshtet\u00ebs t\u00eb opozit\u00ebs s\u00eb bashkuar.<\/p>\n<p>&nbsp;<\/p>\n","protected":false},"excerpt":{"rendered":"<p>Ish-deputetja e LSI Kejdi Mehmetaj dhe protestues opozitar\u00eb kan\u00eb pritur me demonstrata Edi Ram\u00ebn n\u00eb Fier. Mehmetaj deklaroi se Rama nuk \u00ebsht\u00eb i mir\u00eb[pritur n\u00eb Fier. Ajo tha se Rama duhet t\u00eb p\u00ebrgjigjet p\u00ebrpara drejt\u00ebsis\u00eb. \u201cRama duhet t\u00eb ik\u00eb. Edi Rama nuk duhet t\u00eb shkel\u00eb n\u00eb Fier. Ky \u00ebsht\u00eb qytet q\u00eb iu takon socialist\u00ebve, por [&hellip;]<\/p>\n","protected":false},"author":2013,"featured_media":92847,"comment_status":"open","ping_status":"closed","sticky":false,"template":"","format":"standard","meta":{"footnotes":""},"categories":[241,235],"tags":[],"class_list":{"0":"post-92846","1":"post","2":"type-post","3":"status-publish","4":"format-standard","5":"has-post-thumbnail","7":"category-aktualitet","8":"category-vendi"},"_links":{"self":[{"href":"https:\/\/zjarr.tv\/sq\/wp-json\/wp\/v2\/posts\/92846","targetHints":{"allow":["GET"]}}],"collection":[{"href":"https:\/\/zjarr.tv\/sq\/wp-json\/wp\/v2\/posts"}],"about":[{"href":"https:\/\/zjarr.tv\/sq\/wp-json\/wp\/v2\/types\/post"}],"author":[{"embeddable":true,"href":"https:\/\/zjarr.tv\/sq\/wp-json\/wp\/v2\/users\/2013"}],"replies":[{"embeddable":true,"href":"https:\/\/zjarr.tv\/sq\/wp-json\/wp\/v2\/comments?post=92846"}],"version-history":[{"count":0,"href":"https:\/\/zjarr.tv\/sq\/wp-json\/wp\/v2\/posts\/92846\/revisions"}],"wp:featuredmedia":[{"embeddable":true,"href":"https:\/\/zjarr.tv\/sq\/wp-json\/wp\/v2\/media\/92847"}],"wp:attachment":[{"href":"https:\/\/zjarr.tv\/sq\/wp-json\/wp\/v2\/media?parent=92846"}],"wp:term":[{"taxonomy":"category","embeddable":true,"href":"https:\/\/zjarr.tv\/sq\/wp-json\/wp\/v2\/categories?post=92846"},{"taxonomy":"post_tag","embeddable":true,"href":"https:\/\/zjarr.tv\/sq\/wp-json\/wp\/v2\/tags?post=92846"}],"curies":[{"name":"wp","href":"https:\/\/api.w.org\/{rel}","templated":true}]}}