{"id":92855,"date":"2019-06-27T19:21:49","date_gmt":"2019-06-27T17:21:49","guid":{"rendered":"https:\/\/zjarr.tv\/?p=92855"},"modified":"2019-06-27T19:21:49","modified_gmt":"2019-06-27T17:21:49","slug":"berisha-ne-forumin-e-crans-montanas-shqiperia-si-korea-e-veriut-zgjedhje-me-nje-kandidat","status":"publish","type":"post","link":"https:\/\/zjarr.tv\/sq\/berisha-ne-forumin-e-crans-montanas-shqiperia-si-korea-e-veriut-zgjedhje-me-nje-kandidat\/","title":{"rendered":"Berisha n\u00eb Forumin e Crans Montanas: Shqip\u00ebria si Korea e Veriut, zgjedhje me nj\u00eb kandidat"},"content":{"rendered":"<p>Ish kryeministri i vendit Sali Berisha po merr pjes\u00eb n\u00eb punimet e Forumit t\u00eb Crans Montana i cili po mbahet n\u00eb Gjenev\u00eb, n\u00eb Zvic\u00ebr, nga 26 deri m\u00eb 29 qershor 2019.<\/p>\n<p>Ky forum do t\u00eb hap\u00eb nj\u00eb reflektim global mbi m\u00ebnyrat e nxitjes s\u00eb bashk\u00ebpunimit nd\u00ebrkomb\u00ebtar p\u00ebr t\u00eb p\u00ebrmbushur m\u00eb s\u00eb miri sfidat e paqes, zhvillimit dhe stabilitetit.<\/p>\n<p>Por gjat\u00eb fjal\u00ebs s\u00eb tij, Berisha nuk ka harruar t\u00eb prek\u00eb edhe kriz\u00ebn aktuale q\u00eb po kalon Shqip\u00ebria.<\/p>\n<p>\u201cKandidati i PS do jet\u00eb kryetar edhe n\u00eb rast se vet\u00ebm 3 vet\u00eb do votojn\u00eb at\u00eb\u201d. Kjo nuk \u00ebsht\u00eb deklarata e Kim Jong Un n\u00eb Koren\u00eb e Veriut por \u00ebsht\u00eb deklarata e kryeministrit shqiptar p\u00ebr kandidatin e PS n\u00eb zgjedhjet lokale, t\u00eb cilat zhvillohen me nj\u00eb kandidat, pra pa alternativ\u00eb ne 57% t\u00eb bashkive t\u00eb vendit&#8221;, \u00ebsht\u00eb shprehur Berisha n\u00eb fjal\u00ebn e tij.<\/p>\n<p>Postimi i plot\u00eb i Sali Berish\u00ebs:<\/p>\n<p>Fjala ne Krans Montana Forum, Gjeneve, Zvicer!<\/p>\n<p>\u201cKandidati i Partise time do te jete kryetar edhe ne qoftese vetem tre zgjedhes do votojne per te!\u201d<\/p>\n<p>Zonja dhe zoterinj,<\/p>\n<p>\u201cKandidati i PS do jete kryetar edhe ne rast se vetem 3 vete do votojne ate\u201d, kjo nuk eshte deklarata e Kim Jong Un ne Korene e Veriut por eshte deklarata e kryeministrit shqiptar per kandidatin e PS ne zgjedhjet lokale, te cilat zhvillohen me nje kandidat, pra pa alternative ne 57% te bashkive te vendit.<\/p>\n<p>Korea e Veriut nuk synon integrimin ne Europe kurse Shqiperia qe do te zgjedhe qeveritare vendore edhe me tre vota dhe pa alternative eshte vend anetare i NATOs dhe kerkon te hape negociatat me BE.<\/p>\n<p>Bashkepunimin rajonal e demton shume trashegimia e shkuar, projektet e vjetra si\u00e7 eshte ai i Serbise se Madhe qe eshte aktivizuar se fundi nga Beogradi. Heqja dore nga ky projekt qe ka shkaktuar lufta dhe konflike eshte kusht themelor per paqen stabilitetin dhe bashkepunimin rajonal!<\/p>\n<p>Bashkepunimin rajonal e veshtireson shume mungesa e nje infrastrukture qe lidh keto vende. Sot pas tre dekadash te renies se perdes se hekurt ne rajonin qe perjetoi konfliktet me te egra, nuk ekziston asnje projekt madhor rajonal europian. Projekti i vetem rajonal keto 30 vite eshte projekti i TAP, nje projekt i financuar nga Azerbajxhani dhe konsorcium privat.<\/p>\n<p>Bashkepunimin rajonal e demton shume korrupsioni dhe krimi i organizuar dhe heshtja e Komisionit Europian para ketyre problemeve madhore te rajonit.<\/p>\n<p>Te nderuar zonja dhe zoterinj,<\/p>\n<p>Do te ndalem pak ne rastin e Shqiperise. Qe nga viti 2016 deri sot Komisioni Europian ka miratuar tre raporte suksesive, ne te cilat rekomandon hapjen pa kushte te negociatave me Shqiperine. Te tre keto raporte jane hedhur poshte nga vende si Gjermania, Franca, Hollanda etj. Ne rast se do me pyesni nese keto vende qe refuzojne raportin e Komisionit, shpikin gjera per Shqiperine, une ju garantoj se ato nuk shpikin asgje por problemi eshte se raportet e Komisionit jane larg realitetit ne vend.<\/p>\n<p>Por megjithe kete une jam per hapjen e negociatave sepse konstatoj se vendi eshte ne nje rreth vicioz qe ka sjelle vendosjen e rregjimit Kakistokracise, nga i cili perfiton regjimi dhe ndeshkohen qytetaret. Nuk ndihmon aspak kur shef zedhenes te Komisionit te dalin me dhjetra here sikur te ishin zedhenesa te qeverise ne teresi kunder opozites dhe rezultati i kesaj mbeshtetje eshte degradimi i rregjimit ne ate shkalle sa qe kreu i ekzekutivit shqiptar te deklaroje se edhe me tre vota kandidati i tij do jete kryetar bashkie.<\/p>\n<p>Ju falenderoj shume per vemendjen.<\/p>\n<p>&nbsp;<\/p>\n","protected":false},"excerpt":{"rendered":"<p>Ish kryeministri i vendit Sali Berisha po merr pjes\u00eb n\u00eb punimet e Forumit t\u00eb Crans Montana i cili po mbahet n\u00eb Gjenev\u00eb, n\u00eb Zvic\u00ebr, nga 26 deri m\u00eb 29 qershor 2019. Ky forum do t\u00eb hap\u00eb nj\u00eb reflektim global mbi m\u00ebnyrat e nxitjes s\u00eb bashk\u00ebpunimit nd\u00ebrkomb\u00ebtar p\u00ebr t\u00eb p\u00ebrmbushur m\u00eb s\u00eb miri sfidat e paqes, [&hellip;]<\/p>\n","protected":false},"author":2013,"featured_media":65486,"comment_status":"open","ping_status":"closed","sticky":false,"template":"","format":"standard","meta":{"footnotes":""},"categories":[241,235],"tags":[],"class_list":{"0":"post-92855","1":"post","2":"type-post","3":"status-publish","4":"format-standard","5":"has-post-thumbnail","7":"category-aktualitet","8":"category-vendi"},"_links":{"self":[{"href":"https:\/\/zjarr.tv\/sq\/wp-json\/wp\/v2\/posts\/92855","targetHints":{"allow":["GET"]}}],"collection":[{"href":"https:\/\/zjarr.tv\/sq\/wp-json\/wp\/v2\/posts"}],"about":[{"href":"https:\/\/zjarr.tv\/sq\/wp-json\/wp\/v2\/types\/post"}],"author":[{"embeddable":true,"href":"https:\/\/zjarr.tv\/sq\/wp-json\/wp\/v2\/users\/2013"}],"replies":[{"embeddable":true,"href":"https:\/\/zjarr.tv\/sq\/wp-json\/wp\/v2\/comments?post=92855"}],"version-history":[{"count":0,"href":"https:\/\/zjarr.tv\/sq\/wp-json\/wp\/v2\/posts\/92855\/revisions"}],"wp:featuredmedia":[{"embeddable":true,"href":"https:\/\/zjarr.tv\/sq\/wp-json\/wp\/v2\/media\/65486"}],"wp:attachment":[{"href":"https:\/\/zjarr.tv\/sq\/wp-json\/wp\/v2\/media?parent=92855"}],"wp:term":[{"taxonomy":"category","embeddable":true,"href":"https:\/\/zjarr.tv\/sq\/wp-json\/wp\/v2\/categories?post=92855"},{"taxonomy":"post_tag","embeddable":true,"href":"https:\/\/zjarr.tv\/sq\/wp-json\/wp\/v2\/tags?post=92855"}],"curies":[{"name":"wp","href":"https:\/\/api.w.org\/{rel}","templated":true}]}}