{"id":92863,"date":"2019-06-27T20:13:14","date_gmt":"2019-06-27T18:13:14","guid":{"rendered":"https:\/\/zjarr.tv\/?p=92863"},"modified":"2019-06-27T20:13:14","modified_gmt":"2019-06-27T18:13:14","slug":"aurel-plasari-diplomatet","status":"publish","type":"post","link":"https:\/\/zjarr.tv\/sq\/aurel-plasari-diplomatet\/","title":{"rendered":"Aurel Plasari: &#8220;Diplomat\u00ebt?&#8221;"},"content":{"rendered":"<p>DIPLOMAT\u00cbT ?<\/p>\n<p>Ja sa bukur diplomat\u00ebt, s\u00eb toku me \u201cv\u00ebzhguesit\u201d, i trajtuan si \u201clegjitime\u201d votimet e vitit 1945 p\u00ebr \u201cAsamblen\u00eb Kushtetuese\u201d, e cila m\u00eb 16 mars 1946 vendoste t\u00eb kthehej n\u00eb \u201cKuvend Popullor\u201d, duke i p\u00ebrcaktuar Shqip\u00ebris\u00eb instalimin e diktatur\u00ebs. Nga vet\u00eb burimet diplomatike amerikane :<\/p>\n<p>fb a.p. gjithnj\u00eb \u201cme historin\u00eb posht\u00eb n\u00ebnkres\u00ebs\u201d \ud83d\ude09<\/p>\n","protected":false},"excerpt":{"rendered":"<p>DIPLOMAT\u00cbT ? Ja sa bukur diplomat\u00ebt, s\u00eb toku me \u201cv\u00ebzhguesit\u201d, i trajtuan si \u201clegjitime\u201d votimet e vitit 1945 p\u00ebr \u201cAsamblen\u00eb Kushtetuese\u201d, e cila m\u00eb 16 mars 1946 vendoste t\u00eb kthehej n\u00eb \u201cKuvend Popullor\u201d, duke i p\u00ebrcaktuar Shqip\u00ebris\u00eb instalimin e diktatur\u00ebs. Nga vet\u00eb burimet diplomatike amerikane : fb a.p. gjithnj\u00eb \u201cme historin\u00eb posht\u00eb n\u00ebnkres\u00ebs\u201d \ud83d\ude09<\/p>\n","protected":false},"author":2013,"featured_media":92821,"comment_status":"open","ping_status":"closed","sticky":false,"template":"","format":"standard","meta":{"footnotes":""},"categories":[241,235],"tags":[],"class_list":{"0":"post-92863","1":"post","2":"type-post","3":"status-publish","4":"format-standard","5":"has-post-thumbnail","7":"category-aktualitet","8":"category-vendi"},"_links":{"self":[{"href":"https:\/\/zjarr.tv\/sq\/wp-json\/wp\/v2\/posts\/92863","targetHints":{"allow":["GET"]}}],"collection":[{"href":"https:\/\/zjarr.tv\/sq\/wp-json\/wp\/v2\/posts"}],"about":[{"href":"https:\/\/zjarr.tv\/sq\/wp-json\/wp\/v2\/types\/post"}],"author":[{"embeddable":true,"href":"https:\/\/zjarr.tv\/sq\/wp-json\/wp\/v2\/users\/2013"}],"replies":[{"embeddable":true,"href":"https:\/\/zjarr.tv\/sq\/wp-json\/wp\/v2\/comments?post=92863"}],"version-history":[{"count":0,"href":"https:\/\/zjarr.tv\/sq\/wp-json\/wp\/v2\/posts\/92863\/revisions"}],"wp:featuredmedia":[{"embeddable":true,"href":"https:\/\/zjarr.tv\/sq\/wp-json\/wp\/v2\/media\/92821"}],"wp:attachment":[{"href":"https:\/\/zjarr.tv\/sq\/wp-json\/wp\/v2\/media?parent=92863"}],"wp:term":[{"taxonomy":"category","embeddable":true,"href":"https:\/\/zjarr.tv\/sq\/wp-json\/wp\/v2\/categories?post=92863"},{"taxonomy":"post_tag","embeddable":true,"href":"https:\/\/zjarr.tv\/sq\/wp-json\/wp\/v2\/tags?post=92863"}],"curies":[{"name":"wp","href":"https:\/\/api.w.org\/{rel}","templated":true}]}}