{"id":93070,"date":"2019-06-28T18:17:35","date_gmt":"2019-06-28T16:17:35","guid":{"rendered":"https:\/\/zjarr.tv\/?p=93070"},"modified":"2019-06-28T18:17:35","modified_gmt":"2019-06-28T16:17:35","slug":"sulmi-ne-kzaz-e-shkodres-dyshohet-se-autoret-jane-mbeshtetes-te-ps-se","status":"publish","type":"post","link":"https:\/\/zjarr.tv\/sq\/sulmi-ne-kzaz-e-shkodres-dyshohet-se-autoret-jane-mbeshtetes-te-ps-se\/","title":{"rendered":"Sulmi n\u00eb KZAZ e Shkodr\u00ebs\/ Dyshohet se autor\u00ebt jan\u00eb mb\u00ebshtet\u00ebs t\u00eb PS-s\u00eb"},"content":{"rendered":"<p>Pak minuta m\u00eb par\u00eb \u00ebsht\u00eb thyer dera e pallatit t\u00eb sportit \u201cQazim Dervishi\u201d n\u00eb Shkod\u00ebr, e percaktuar si KZAZ num\u00ebr 2.<\/p>\n<p>Kjo godin\u00eb mbahej e mbyllur p\u00ebr shkak se \u00ebsht\u00eb n\u00eb pron\u00ebsi t\u00eb bashkis\u00eb s\u00eb Shkodr\u00ebs, dhe policia bashkiake e ndihmuar nga mb\u00ebshtet\u00ebs t\u00eb opozit\u00ebs arrit\u00ebn t\u00eb hynin me forc\u00eb brenda, n\u00eb p\u00ebrplasjet e ndodhura pak dit\u00eb m\u00eb par\u00eb.<\/p>\n<p>Ata kan\u00eb goditur me mjete t\u00eb forta der\u00ebn kryesore dhe jan\u00eb larguar.<\/p>\n<p>Aktualisht aty ndodhen forcat e policis\u00eb dhe kan\u00eb nisur hetimet p\u00ebr zbardhjen e plot\u00eb t\u00eb ngjarjes.<\/p>\n<p>&nbsp;<\/p>\n","protected":false},"excerpt":{"rendered":"<p>Pak minuta m\u00eb par\u00eb \u00ebsht\u00eb thyer dera e pallatit t\u00eb sportit \u201cQazim Dervishi\u201d n\u00eb Shkod\u00ebr, e percaktuar si KZAZ num\u00ebr 2. Kjo godin\u00eb mbahej e mbyllur p\u00ebr shkak se \u00ebsht\u00eb n\u00eb pron\u00ebsi t\u00eb bashkis\u00eb s\u00eb Shkodr\u00ebs, dhe policia bashkiake e ndihmuar nga mb\u00ebshtet\u00ebs t\u00eb opozit\u00ebs arrit\u00ebn t\u00eb hynin me forc\u00eb brenda, n\u00eb p\u00ebrplasjet e ndodhura [&hellip;]<\/p>\n","protected":false},"author":2013,"featured_media":93071,"comment_status":"open","ping_status":"closed","sticky":false,"template":"","format":"standard","meta":{"footnotes":""},"categories":[241,235],"tags":[],"class_list":{"0":"post-93070","1":"post","2":"type-post","3":"status-publish","4":"format-standard","5":"has-post-thumbnail","7":"category-aktualitet","8":"category-vendi"},"_links":{"self":[{"href":"https:\/\/zjarr.tv\/sq\/wp-json\/wp\/v2\/posts\/93070","targetHints":{"allow":["GET"]}}],"collection":[{"href":"https:\/\/zjarr.tv\/sq\/wp-json\/wp\/v2\/posts"}],"about":[{"href":"https:\/\/zjarr.tv\/sq\/wp-json\/wp\/v2\/types\/post"}],"author":[{"embeddable":true,"href":"https:\/\/zjarr.tv\/sq\/wp-json\/wp\/v2\/users\/2013"}],"replies":[{"embeddable":true,"href":"https:\/\/zjarr.tv\/sq\/wp-json\/wp\/v2\/comments?post=93070"}],"version-history":[{"count":0,"href":"https:\/\/zjarr.tv\/sq\/wp-json\/wp\/v2\/posts\/93070\/revisions"}],"wp:featuredmedia":[{"embeddable":true,"href":"https:\/\/zjarr.tv\/sq\/wp-json\/wp\/v2\/media\/93071"}],"wp:attachment":[{"href":"https:\/\/zjarr.tv\/sq\/wp-json\/wp\/v2\/media?parent=93070"}],"wp:term":[{"taxonomy":"category","embeddable":true,"href":"https:\/\/zjarr.tv\/sq\/wp-json\/wp\/v2\/categories?post=93070"},{"taxonomy":"post_tag","embeddable":true,"href":"https:\/\/zjarr.tv\/sq\/wp-json\/wp\/v2\/tags?post=93070"}],"curies":[{"name":"wp","href":"https:\/\/api.w.org\/{rel}","templated":true}]}}